{"id":5509,"date":"2020-06-10T16:49:07","date_gmt":"2020-06-10T16:49:07","guid":{"rendered":"http:\/\/noticiastelered.com\/PortalDNoticias\/?p=5509"},"modified":"2020-06-10T16:49:19","modified_gmt":"2020-06-10T16:49:19","slug":"instalan-maceteros-en-el-bulevar-colosio","status":"publish","type":"post","link":"http:\/\/noticiastelered.com\/PortalDNoticias\/instalan-maceteros-en-el-bulevar-colosio\/","title":{"rendered":"Instalan maceteros en el bulevar Colosio"},"content":{"rendered":"<p>Redacci\u00f3n<br \/>\nNoticias Telered<\/p>\n<p>Direcci\u00f3n de Parques y Jardines coloca seis estructuras en forma de canasta con ipomea y laurel blanco y rosa<\/p>\n<p>Personal de la Direcci\u00f3n de Parques y Jardines, coloc\u00f3  maceteros de estructura met\u00e1lica en forma de canasta en bulevar \u2018Luis Donaldo Colosio\u2019 a la altura donde se encuentra el busto en honor a este personaje, con el objeto de ofrecer una imagen m\u00e1s colorida y con vida de este sector.<\/p>\n<p>Gabriela Garza, titular de la dependencia, inform\u00f3 que son seis maceteros de un metro 80 cent\u00edmetros de altura y 1.50 metros de di\u00e1metro, en los cuales se sembraron plantas como ipomea y laurel blanco y rosa.<\/p>\n<p>&#8220;El prop\u00f3sito es mejorar la vista del lugar, embellecer y que d\u00e9 una cara amable y agradable a quienes visitan la ciudad, es un espacio que se ve\u00eda sin vida y con este pretendemos que llame la atenci\u00f3n de los automovilistas que circulan por el lugar&#8221;, indic\u00f3.<\/p>\n<p>Agreg\u00f3 es una instrucci\u00f3n del presidente municipal Enrique Rivas y de la secretaria de Servicios P\u00fablicos Primarios Irma Richer, hacer las cosas bien y darle vida y colorido a espacios como este.<\/p>\n<p>Record\u00f3 que anteriormente en este lugar se hab\u00edan colocado unos maceteros de concreto y con una altura de un metro 80 cent\u00edmetros que no ofrec\u00edan nada a simple vista, y los nuevos maceteros que hicieron en la direcci\u00f3n permiten que la ciudadan\u00eda disfrute del colorido de las plantas.<\/p>\n<p>Durante el pasado fin de semana, personal de Mantenimiento a Edificios y Monumentos P\u00fablicos, aplic\u00f3 pintura en los pilares y dio mantenimiento al monumento, as\u00ed como limpi\u00f3 el camell\u00f3n para mejorar la vista.<\/p>\n<p>Pidi\u00f3 a la ciudadan\u00eda cuidar y respetar las ornamentas y las plantas, pues son para mostrar una ciudad con vida, sobre todo tratar de cambiar la perspectiva que se tiene de Nuevo Laredo, en otras ciudades.<\/p>\n<p><!-- Composite Start --><\/p>\n<div id=\"M240110ScriptRootC290005\">\n<div id=\"M240110PreloadC290005\"> Loading&#8230;<\/div>\n<p><script> (function(){ var D=new Date(),d=document,b='body',ce='createElement',ac='appendChild',st='style',ds='display',n='none',gi='getElementById',lp=d.location.protocol,wp=lp.indexOf('http')==0?lp:'https:'; var i=d[ce]('iframe');i[st][ds]=n;d[gi](\"M240110ScriptRootC290005\")[ac](i);try{var iw=i.contentWindow.document;iw.open();iw.writeln(\"<ht\"+\"ml><bo\"+\"dy><\/bo\"+\"dy><\/ht\"+\"ml>\");iw.close();var c=iw[b];} catch(e){var iw=d;var c=d[gi](\"M240110ScriptRootC290005\");}var dv=iw[ce]('div');dv.id=\"MG_ID\";dv[st][ds]=n;dv.innerHTML=290005;c[ac](dv); var s=iw[ce]('script');s.async='async';s.defer='defer';s.charset='utf-8';s.src=wp+\"\/\/jsc.mgid.com\/n\/o\/noticiastelered.com.290005.js?t=\"+D.getYear()+D.getMonth()+D.getUTCDate()+D.getUTCHours();c[ac](s);})(); <\/script><\/p>\n<\/div>\n<p><!-- Composite End --><\/p>\n","protected":false},"excerpt":{"rendered":"<p>Redacci\u00f3n Noticias Telered Direcci\u00f3n de Parques y Jardines coloca seis estructuras en forma de canasta con ipomea y laurel blanco y rosa Personal de la Direcci\u00f3n de Parques y Jardines, coloc\u00f3 maceteros de estructura met\u00e1lica en forma de canasta en [&hellip;]<\/p>\n","protected":false},"author":3,"featured_media":5511,"comment_status":"open","ping_status":"open","sticky":false,"template":"","format":"standard","meta":[],"categories":[63],"tags":[],"_links":{"self":[{"href":"http:\/\/noticiastelered.com\/PortalDNoticias\/wp-json\/wp\/v2\/posts\/5509"}],"collection":[{"href":"http:\/\/noticiastelered.com\/PortalDNoticias\/wp-json\/wp\/v2\/posts"}],"about":[{"href":"http:\/\/noticiastelered.com\/PortalDNoticias\/wp-json\/wp\/v2\/types\/post"}],"author":[{"embeddable":true,"href":"http:\/\/noticiastelered.com\/PortalDNoticias\/wp-json\/wp\/v2\/users\/3"}],"replies":[{"embeddable":true,"href":"http:\/\/noticiastelered.com\/PortalDNoticias\/wp-json\/wp\/v2\/comments?post=5509"}],"version-history":[{"count":1,"href":"http:\/\/noticiastelered.com\/PortalDNoticias\/wp-json\/wp\/v2\/posts\/5509\/revisions"}],"predecessor-version":[{"id":5512,"href":"http:\/\/noticiastelered.com\/PortalDNoticias\/wp-json\/wp\/v2\/posts\/5509\/revisions\/5512"}],"wp:featuredmedia":[{"embeddable":true,"href":"http:\/\/noticiastelered.com\/PortalDNoticias\/wp-json\/wp\/v2\/media\/5511"}],"wp:attachment":[{"href":"http:\/\/noticiastelered.com\/PortalDNoticias\/wp-json\/wp\/v2\/media?parent=5509"}],"wp:term":[{"taxonomy":"category","embeddable":true,"href":"http:\/\/noticiastelered.com\/PortalDNoticias\/wp-json\/wp\/v2\/categories?post=5509"},{"taxonomy":"post_tag","embeddable":true,"href":"http:\/\/noticiastelered.com\/PortalDNoticias\/wp-json\/wp\/v2\/tags?post=5509"}],"curies":[{"name":"wp","href":"https:\/\/api.w.org\/{rel}","templated":true}]}}