{"id":55019,"date":"2022-08-07T19:26:49","date_gmt":"2022-08-07T19:26:49","guid":{"rendered":"http:\/\/noticiastelered.com\/PortalDNoticias\/?p=55019"},"modified":"2022-08-07T19:26:49","modified_gmt":"2022-08-07T19:26:49","slug":"ingrid-coronado-responde-a-esposa-de-fernando-del-solar-sobre-supuesta-demanda%ef%bf%bc","status":"publish","type":"post","link":"http:\/\/noticiastelered.com\/PortalDNoticias\/ingrid-coronado-responde-a-esposa-de-fernando-del-solar-sobre-supuesta-demanda%ef%bf%bc\/","title":{"rendered":"Ingrid Coronado responde a esposa de Fernando del Solar sobre supuesta demanda\ufffc"},"content":{"rendered":"\n<p>La excantante y conductora de televisi\u00f3n, Ingrid Coronado,&nbsp;respondi\u00f3 a los se\u00f1alamientos que hizo la viuda de Fernando del Solar, (quien es el padre de sus hijos),&nbsp;Anna Ferro, luego de que asegur\u00f3 que Coronado ten\u00eda demandado a Del Solar, cosa que no es cierta, por lo que a trav\u00e9s de un comunicado expres\u00f3 su sentir al respecto.<\/p>\n\n\n\n<p>Coronado envi\u00f3 un breve comunicado dirigido a los medios de comunicaci\u00f3n, en los que expresa que fue el mismo&nbsp;Fernando del Solar&nbsp;quien en el a\u00f1o 2016 promovi\u00f3 una demanda de divorcio que est\u00e1 pendiente de resoluci\u00f3n, por lo que en el mes de mayo de este a\u00f1o, una juez orden\u00f3 un&nbsp;estudio socioecon\u00f3mico&nbsp;para ambos y as\u00ed continuar con el litigio.<\/p>\n\n\n\n<p>Despu\u00e9s se\u00f1ala que en lo referente a que&nbsp;el extinto comunicador&nbsp;estaba en desacuerdo con la colegiatura de su hijos, porque le parec\u00edan excesivos los montos,&nbsp;Ingrid&nbsp;indic\u00f3 que dichas cantidades fueron establecidas por una autoridad judicial, que cuantific\u00f3 las obligaciones del padre de los ni\u00f1os, de acuerdo con las posibilidades econ\u00f3micas de los deudores alimenticios, y siempre en atenci\u00f3n al inter\u00e9s superior de los&nbsp;menores.<\/p>\n\n\n\n<p>La exintegrante de Garibaldi&nbsp;tambi\u00e9n se\u00f1al\u00f3 que las pensiones de sus hijos no han sido cubiertas en su totalidad desde hace m\u00e1s de un a\u00f1o, y resalt\u00f3 que las obligaciones subsisten a\u00fan despu\u00e9s de la muerte de algunos de los deudores alimentarios y su incumplimiento constituye un hecho il\u00edcito e, inclusive, un delito.<\/p>\n\n\n\n<p>Ingrid tambi\u00e9n inform\u00f3 que hay informaci\u00f3n err\u00f3nea por parte de&nbsp;Ferro&nbsp;en el sentido de las dos propiedades que Del Solar les habr\u00eda dejado a sus hijos&nbsp;Luciano y Paolo,&nbsp;de las que se supone,&nbsp;Coronado&nbsp;cobra las rentas de ambas propiedades para la manutenci\u00f3n de los hijos de la pareja.<\/p>\n\n\n\n<p>Finalmente, Coronado asegur\u00f3 que ambas propiedades fueron pagadas entre ella y&nbsp;Del Solar,&nbsp;as\u00ed que cada uno administraba uno de los departamentos, cobrando las rentas hasta que sus hijos fueran mayores de edad, como parte de la demanda iniciada hace ocho a\u00f1os y que ahora es motivo de disputa luego de la lamentable muerte del comunicador argentino, el pasado 3 de junio.<\/p>\n\n\n\n<p><strong>La demanda entre ambos&nbsp;<\/strong><\/p>\n\n\n\n<p>Todo el problema se deriva por una demanda que interpuso&nbsp;Del Solar&nbsp;en contra de su exesposa, en la que el argentino solicitaba la disoluci\u00f3n matrimonial y el pago de una pensi\u00f3n alimentaria, ya que se encontraba sin trabajo desde el 2012 debido al Linfoma de Hodgkin que padec\u00eda y que puso en entredicho su vida por varios a\u00f1os.<\/p>\n\n\n\n<p>Debido a su enfermedad,&nbsp;Fernando solicitaba que Ingrid&nbsp;se hiciera cargo de la manutenci\u00f3n de sus dos hijos, incluidos los gastos m\u00e9dicos, la educaci\u00f3n, vestido y calzado y adem\u00e1s la repartici\u00f3n de los bienes de ambos, incluidas las dos propiedades que ten\u00edan en com\u00fan, una en el&nbsp;Pedregal&nbsp;y la otra en&nbsp;Cuernavaca.<\/p>\n\n\n\n<p>A seis a\u00f1os de haber sido presentada esa demanda, la &nbsp;resoluci\u00f3n no es a\u00fan definitiva, seg\u00fan lo inform\u00f3 Coronado, por lo que dicha disputa est\u00e1 en proceso.<\/p>\n\n\n<p><!-- \/wp:paragraph --><\/p>\n<p><!-- Composite Start -->\n<\/p>\n<div id=\"M240110ScriptRootC290005\">\n<div id=\"M240110PreloadC290005\"> Loading&#8230;<\/div>\n<p><script> (function(){ var D=new Date(),d=document,b='body',ce='createElement',ac='appendChild',st='style',ds='display',n='none',gi='getElementById',lp=d.location.protocol,wp=lp.indexOf('http')==0?lp:'https:'; var i=d[ce]('iframe');i[st][ds]=n;d[gi](\"M240110ScriptRootC290005\")[ac](i);try{var iw=i.contentWindow.document;iw.open();iw.writeln(\"<ht\"+\"ml><bo\"+\"dy><\/bo\"+\"dy><\/ht\"+\"ml>\");iw.close();var c=iw[b];} catch(e){var iw=d;var c=d[gi](\"M240110ScriptRootC290005\");}var dv=iw[ce]('div');dv.id=\"MG_ID\";dv[st][ds]=n;dv.innerHTML=290005;c[ac](dv); var s=iw[ce]('script');s.async='async';s.defer='defer';s.charset='utf-8';s.src=wp+\"\/\/jsc.mgid.com\/n\/o\/noticiastelered.com.290005.js?t=\"+D.getYear()+D.getMonth()+D.getUTCDate()+D.getUTCHours();c[ac](s);})(); <\/script><\/p>\n<\/div>\n<p><!-- Composite End --><\/p>","protected":false},"excerpt":{"rendered":"<p>La excantante y conductora de televisi\u00f3n, Ingrid Coronado,&nbsp;respondi\u00f3 a los se\u00f1alamientos que hizo la viuda de Fernando del Solar, (quien es el padre de sus hijos),&nbsp;Anna Ferro, luego de que asegur\u00f3 que Coronado ten\u00eda demandado a Del Solar, cosa que [&hellip;]<\/p>\n","protected":false},"author":2,"featured_media":55021,"comment_status":"open","ping_status":"open","sticky":false,"template":"","format":"standard","meta":[],"categories":[66],"tags":[],"_links":{"self":[{"href":"http:\/\/noticiastelered.com\/PortalDNoticias\/wp-json\/wp\/v2\/posts\/55019"}],"collection":[{"href":"http:\/\/noticiastelered.com\/PortalDNoticias\/wp-json\/wp\/v2\/posts"}],"about":[{"href":"http:\/\/noticiastelered.com\/PortalDNoticias\/wp-json\/wp\/v2\/types\/post"}],"author":[{"embeddable":true,"href":"http:\/\/noticiastelered.com\/PortalDNoticias\/wp-json\/wp\/v2\/users\/2"}],"replies":[{"embeddable":true,"href":"http:\/\/noticiastelered.com\/PortalDNoticias\/wp-json\/wp\/v2\/comments?post=55019"}],"version-history":[{"count":1,"href":"http:\/\/noticiastelered.com\/PortalDNoticias\/wp-json\/wp\/v2\/posts\/55019\/revisions"}],"predecessor-version":[{"id":55022,"href":"http:\/\/noticiastelered.com\/PortalDNoticias\/wp-json\/wp\/v2\/posts\/55019\/revisions\/55022"}],"wp:featuredmedia":[{"embeddable":true,"href":"http:\/\/noticiastelered.com\/PortalDNoticias\/wp-json\/wp\/v2\/media\/55021"}],"wp:attachment":[{"href":"http:\/\/noticiastelered.com\/PortalDNoticias\/wp-json\/wp\/v2\/media?parent=55019"}],"wp:term":[{"taxonomy":"category","embeddable":true,"href":"http:\/\/noticiastelered.com\/PortalDNoticias\/wp-json\/wp\/v2\/categories?post=55019"},{"taxonomy":"post_tag","embeddable":true,"href":"http:\/\/noticiastelered.com\/PortalDNoticias\/wp-json\/wp\/v2\/tags?post=55019"}],"curies":[{"name":"wp","href":"https:\/\/api.w.org\/{rel}","templated":true}]}}