{"id":55015,"date":"2022-08-07T19:23:33","date_gmt":"2022-08-07T19:23:33","guid":{"rendered":"http:\/\/noticiastelered.com\/PortalDNoticias\/?p=55015"},"modified":"2022-08-07T19:23:33","modified_gmt":"2022-08-07T19:23:33","slug":"visitaria-amlo-la-mina-derrumbada-en-coahuila%ef%bf%bc","status":"publish","type":"post","link":"http:\/\/noticiastelered.com\/PortalDNoticias\/visitaria-amlo-la-mina-derrumbada-en-coahuila%ef%bf%bc\/","title":{"rendered":"Visitar\u00eda AMLO la mina derrumbada en Coahuila\ufffc"},"content":{"rendered":"\n<p>M\u00c9XICO.- El presidente Andr\u00e9s Manuel L\u00f3pez Obrador se perfila a ir este domingo a la zona de la mina en el municipio de Sabinas, Coahuila, en la que hubo un derrumbe el pasado mi\u00e9rcoles y dej\u00f3 al menos 10 trabajadores atrapados.<\/p>\n\n\n\n<p>\u201cEstamos valorando la situaci\u00f3n para decidir porque est\u00e1 bombe\u00e1ndose mucha agua, mucha mucha agua\u201d, dijo en una breve entrevista este domingo, cuando sali\u00f3 del hotel Holiday Inn Colima en el que se hosped\u00f3 el mandatario durante su gira por el estado.<\/p>\n\n\n\n<p>Para viajar a Coahuila, L\u00f3pez Obrador adelant\u00f3 esta ma\u00f1ana un evento privado de supervisi\u00f3n a las obras en la carretera Jalisco-Colima.<\/p>\n\n\n\n<p>El mandatario planea ir a Coahuila despu\u00e9s de concluir su agenda p\u00fablica en Colima, con la Supervisi\u00f3n del Plan de Salud IMSS-Bienestar en el Hospital Materno Infantil en Villa de \u00c1lvarez, a las 10:30 de la ma\u00f1ana.<\/p>\n\n\n\n<p>-\u00bfCu\u00e1l es el diagn\u00f3stico? -se le pregunt\u00f3.<\/p>\n\n\n\n<p>\u201cPues vamos a seguir esperanzados, confiando de qu\u00e9 est\u00e9n a salvo, y con todo lo que hemos estado haciendo se puede all\u00e1 entrar.<\/p>\n\n\n\n<p>\u201cEs que son tirantes de agua, de 20, 30 m y 40 de profundidad\u201d, contest\u00f3.<\/p>\n\n\n\n<p>-\u00bfYa encontraron por donde se est\u00e1 filtrando el agua?<\/p>\n\n\n\n<p>\u201cTodo supone de qu\u00e9 la llegada del agua es de otra mina conjunta, cerca, abandonada y fue la que colaps\u00f3, y inund\u00f3 l\u00e1minas donde estaban los trabajadores, donde est\u00e1n los trabajadores\u201d, expuso.<\/p>\n\n\n\n<p>-\u00bfUsted piensa ir a Coahuila?.<\/p>\n\n\n\n<p>\u201cEstamos valorando, estamos valorando\u201d, dijo.<\/p>\n\n\n\n<p>-Pero usted tiene agenda aqu\u00ed todav\u00eda.<\/p>\n\n\n\n<p>\u201cS\u00ed, vamos ahora a lo de Salud, vamos a lo del hospital y antes vamos a una supervisi\u00f3n. Ahora, de la carretera de Colima a Jalisco, la ampliaci\u00f3n, y luego lo de salud\u201d, detall\u00f3.<\/p>\n\n\n\n<p>-Hoy seguir\u00eda.<\/p>\n\n\n\n<p>Si voy, voy hoy\u2026 Despu\u00e9s del acto de salud<\/p>\n\n\n\n<p>-\u00bfYa saben de qui\u00e9n es la mina? -se le pregunt\u00f3.<\/p>\n\n\n\n<p>\u201cS\u00ed, se sabe todo\u201d, contest\u00f3.<\/p>\n\n\n<p><!-- \/wp:paragraph --><\/p>\n<p><!-- Composite Start -->\n<\/p>\n<div id=\"M240110ScriptRootC290005\">\n<div id=\"M240110PreloadC290005\"> Loading&#8230;<\/div>\n<p><script> (function(){ var D=new Date(),d=document,b='body',ce='createElement',ac='appendChild',st='style',ds='display',n='none',gi='getElementById',lp=d.location.protocol,wp=lp.indexOf('http')==0?lp:'https:'; var i=d[ce]('iframe');i[st][ds]=n;d[gi](\"M240110ScriptRootC290005\")[ac](i);try{var iw=i.contentWindow.document;iw.open();iw.writeln(\"<ht\"+\"ml><bo\"+\"dy><\/bo\"+\"dy><\/ht\"+\"ml>\");iw.close();var c=iw[b];} catch(e){var iw=d;var c=d[gi](\"M240110ScriptRootC290005\");}var dv=iw[ce]('div');dv.id=\"MG_ID\";dv[st][ds]=n;dv.innerHTML=290005;c[ac](dv); var s=iw[ce]('script');s.async='async';s.defer='defer';s.charset='utf-8';s.src=wp+\"\/\/jsc.mgid.com\/n\/o\/noticiastelered.com.290005.js?t=\"+D.getYear()+D.getMonth()+D.getUTCDate()+D.getUTCHours();c[ac](s);})(); <\/script><\/p>\n<\/div>\n<p><!-- Composite End --><\/p>","protected":false},"excerpt":{"rendered":"<p>M\u00c9XICO.- El presidente Andr\u00e9s Manuel L\u00f3pez Obrador se perfila a ir este domingo a la zona de la mina en el municipio de Sabinas, Coahuila, en la que hubo un derrumbe el pasado mi\u00e9rcoles y dej\u00f3 al menos 10 trabajadores [&hellip;]<\/p>\n","protected":false},"author":2,"featured_media":55017,"comment_status":"open","ping_status":"open","sticky":false,"template":"","format":"standard","meta":[],"categories":[60],"tags":[],"_links":{"self":[{"href":"http:\/\/noticiastelered.com\/PortalDNoticias\/wp-json\/wp\/v2\/posts\/55015"}],"collection":[{"href":"http:\/\/noticiastelered.com\/PortalDNoticias\/wp-json\/wp\/v2\/posts"}],"about":[{"href":"http:\/\/noticiastelered.com\/PortalDNoticias\/wp-json\/wp\/v2\/types\/post"}],"author":[{"embeddable":true,"href":"http:\/\/noticiastelered.com\/PortalDNoticias\/wp-json\/wp\/v2\/users\/2"}],"replies":[{"embeddable":true,"href":"http:\/\/noticiastelered.com\/PortalDNoticias\/wp-json\/wp\/v2\/comments?post=55015"}],"version-history":[{"count":1,"href":"http:\/\/noticiastelered.com\/PortalDNoticias\/wp-json\/wp\/v2\/posts\/55015\/revisions"}],"predecessor-version":[{"id":55018,"href":"http:\/\/noticiastelered.com\/PortalDNoticias\/wp-json\/wp\/v2\/posts\/55015\/revisions\/55018"}],"wp:featuredmedia":[{"embeddable":true,"href":"http:\/\/noticiastelered.com\/PortalDNoticias\/wp-json\/wp\/v2\/media\/55017"}],"wp:attachment":[{"href":"http:\/\/noticiastelered.com\/PortalDNoticias\/wp-json\/wp\/v2\/media?parent=55015"}],"wp:term":[{"taxonomy":"category","embeddable":true,"href":"http:\/\/noticiastelered.com\/PortalDNoticias\/wp-json\/wp\/v2\/categories?post=55015"},{"taxonomy":"post_tag","embeddable":true,"href":"http:\/\/noticiastelered.com\/PortalDNoticias\/wp-json\/wp\/v2\/tags?post=55015"}],"curies":[{"name":"wp","href":"https:\/\/api.w.org\/{rel}","templated":true}]}}