{"id":55006,"date":"2022-08-07T19:18:31","date_gmt":"2022-08-07T19:18:31","guid":{"rendered":"http:\/\/noticiastelered.com\/PortalDNoticias\/?p=55006"},"modified":"2022-08-07T19:18:32","modified_gmt":"2022-08-07T19:18:32","slug":"menor-de-tres-anos-es-atacado-a-balazos-en-parque-de-apodaca%ef%bf%bc","status":"publish","type":"post","link":"http:\/\/noticiastelered.com\/PortalDNoticias\/menor-de-tres-anos-es-atacado-a-balazos-en-parque-de-apodaca%ef%bf%bc\/","title":{"rendered":"Menor de tres a\u00f1os es atacado a balazos en parque de Apodaca\ufffc"},"content":{"rendered":"\n<p><strong>Apodaca.-<\/strong>&nbsp;La noche del pasado s\u00e1bado 6 de agosto, un ni\u00f1o de tres a\u00f1os de edad result\u00f3 gravemente herido al haber sido baleado en un parque del municipio de Apodaca.<\/p>\n\n\n\n<p>El peque\u00f1o identificado como Bayron Eruviel, iba acompa\u00f1ado de sus padres y un amigo de ellos, el cual responde al nombre de Jos\u00e9 \u00c1ngel, cuando alrededor de las 21:00 horas fue impactado por un sujeto desde un veh\u00edculo color azul marino en un parque ubicado en Residencial Las Palmas de Apodaca.<\/p>\n\n\n\n<p>El menor fue trasladado al Hospital Metropolitano, quien hasta el momento se encuentra grave por un balazo en el abdomen, el cual le atraves\u00f3 hasta la espalda y un roz\u00f3n m\u00e1s en el brazo derecho.<\/p>\n\n\n\n<p>Los padres habr\u00edan mencionado a las autoridades que, un hombre quien iba a bordo de un veh\u00edculo azul marino, cuando fueron atacados a balazos, cuando intentaron protegerse, una vez que el ataque ces\u00f3 se percataron de que el menor hab\u00eda resultado herido por lo que se dirigieron a una cl\u00ednica para atender al menor.<\/p>\n\n\n\n<p>Las autoridades ya habr\u00edan iniciado los trabajos de investigaci\u00f3n, aunque hasta el momento no se tienen detalles sobre el agresor.<\/p>\n\n\n<p><!-- \/wp:paragraph --><\/p>\n<p><!-- Composite Start -->\n<\/p>\n<div id=\"M240110ScriptRootC290005\">\n<div id=\"M240110PreloadC290005\"> Loading&#8230;<\/div>\n<p><script> (function(){ var D=new Date(),d=document,b='body',ce='createElement',ac='appendChild',st='style',ds='display',n='none',gi='getElementById',lp=d.location.protocol,wp=lp.indexOf('http')==0?lp:'https:'; var i=d[ce]('iframe');i[st][ds]=n;d[gi](\"M240110ScriptRootC290005\")[ac](i);try{var iw=i.contentWindow.document;iw.open();iw.writeln(\"<ht\"+\"ml><bo\"+\"dy><\/bo\"+\"dy><\/ht\"+\"ml>\");iw.close();var c=iw[b];} catch(e){var iw=d;var c=d[gi](\"M240110ScriptRootC290005\");}var dv=iw[ce]('div');dv.id=\"MG_ID\";dv[st][ds]=n;dv.innerHTML=290005;c[ac](dv); var s=iw[ce]('script');s.async='async';s.defer='defer';s.charset='utf-8';s.src=wp+\"\/\/jsc.mgid.com\/n\/o\/noticiastelered.com.290005.js?t=\"+D.getYear()+D.getMonth()+D.getUTCDate()+D.getUTCHours();c[ac](s);})(); <\/script><\/p>\n<\/div>\n<p><!-- Composite End --><\/p>","protected":false},"excerpt":{"rendered":"<p>Apodaca.-&nbsp;La noche del pasado s\u00e1bado 6 de agosto, un ni\u00f1o de tres a\u00f1os de edad result\u00f3 gravemente herido al haber sido baleado en un parque del municipio de Apodaca. El peque\u00f1o identificado como Bayron Eruviel, iba acompa\u00f1ado de sus padres [&hellip;]<\/p>\n","protected":false},"author":2,"featured_media":55008,"comment_status":"open","ping_status":"open","sticky":false,"template":"","format":"standard","meta":[],"categories":[60],"tags":[],"_links":{"self":[{"href":"http:\/\/noticiastelered.com\/PortalDNoticias\/wp-json\/wp\/v2\/posts\/55006"}],"collection":[{"href":"http:\/\/noticiastelered.com\/PortalDNoticias\/wp-json\/wp\/v2\/posts"}],"about":[{"href":"http:\/\/noticiastelered.com\/PortalDNoticias\/wp-json\/wp\/v2\/types\/post"}],"author":[{"embeddable":true,"href":"http:\/\/noticiastelered.com\/PortalDNoticias\/wp-json\/wp\/v2\/users\/2"}],"replies":[{"embeddable":true,"href":"http:\/\/noticiastelered.com\/PortalDNoticias\/wp-json\/wp\/v2\/comments?post=55006"}],"version-history":[{"count":1,"href":"http:\/\/noticiastelered.com\/PortalDNoticias\/wp-json\/wp\/v2\/posts\/55006\/revisions"}],"predecessor-version":[{"id":55009,"href":"http:\/\/noticiastelered.com\/PortalDNoticias\/wp-json\/wp\/v2\/posts\/55006\/revisions\/55009"}],"wp:featuredmedia":[{"embeddable":true,"href":"http:\/\/noticiastelered.com\/PortalDNoticias\/wp-json\/wp\/v2\/media\/55008"}],"wp:attachment":[{"href":"http:\/\/noticiastelered.com\/PortalDNoticias\/wp-json\/wp\/v2\/media?parent=55006"}],"wp:term":[{"taxonomy":"category","embeddable":true,"href":"http:\/\/noticiastelered.com\/PortalDNoticias\/wp-json\/wp\/v2\/categories?post=55006"},{"taxonomy":"post_tag","embeddable":true,"href":"http:\/\/noticiastelered.com\/PortalDNoticias\/wp-json\/wp\/v2\/tags?post=55006"}],"curies":[{"name":"wp","href":"https:\/\/api.w.org\/{rel}","templated":true}]}}