{"id":54998,"date":"2022-08-07T19:13:52","date_gmt":"2022-08-07T19:13:52","guid":{"rendered":"http:\/\/noticiastelered.com\/PortalDNoticias\/?p=54998"},"modified":"2022-08-07T19:13:53","modified_gmt":"2022-08-07T19:13:53","slug":"que-se-vayan-a-la-chin-alfredo-adame-ya-no-quiere-saber-de-sus-hijos%ef%bf%bc","status":"publish","type":"post","link":"http:\/\/noticiastelered.com\/PortalDNoticias\/que-se-vayan-a-la-chin-alfredo-adame-ya-no-quiere-saber-de-sus-hijos%ef%bf%bc\/","title":{"rendered":"\u201cQue se vayan a la chin\u2026\u201d: Alfredo Adame ya no quiere saber de sus hijos\ufffc"},"content":{"rendered":"\n<p>Una de las figuras m\u00e1s pol\u00e9micas del espect\u00e1culo es&nbsp;Alfredo Afame, el actor y conflicto ha destacado en las \u00faltimas semanas por las diversas diferencias que ha tenido con actores y actrices, pero no solamente son sus colegas los que no se la llevan bien con el famoso, con sus hijos y familiares tampoco hay un acercamiento positivo.<\/p>\n\n\n\n<p>El ex conductor de&nbsp;\u201cHoy\u201d&nbsp;ya no desea una reconciliaci\u00f3n con sus hijos y se\u00f1al\u00f3 que ya no los quiere ver ni es su funeral, cabe destacar que los j\u00f3venes se alejaron de \u00e9l para estar cerca de su madre&nbsp;Mary Paz Banquells.<\/p>\n\n\n\n<p>\u201cYo no vuelvo a tocar el tema, el d\u00eda que quieran arreglarse conmigo que vengan y me toquen a la puerta., no estoy pidiendo ni disculpas ni nada, ni voy a dar disculpas ni nada, pero el d\u00eda que quieran que vengan y me toquen a la puerta y si se pasan 20 a\u00f1os y si no viene, el d\u00eda que me muera no los voy a dejar entrar a mi funeral, ni a mi capilla ni a nada que se vayan a la chingada\u201d, declar\u00f3 con la sinceridad que se le caracteriza.<\/p>\n\n\n\n<p><strong>Alfredo Adame y sus diferencias con otros famosos<\/strong><\/p>\n\n\n\n<p>En entrevista para&nbsp;\u201cVentaneando\u201d, Alfredo Adame fue cuestionado sobre la denuncia de&nbsp;Cynthia Klitbo&nbsp;a su expareja&nbsp;Juan Vidal&nbsp;por violencia psicol\u00f3gica, cabe destacar que la famosa es una de las \u201cenemigas\u201d del conductor.<\/p>\n\n\n\n<p>\u201cSi Juan Vidal la bot\u00f3 es por algo, los panchos que debi\u00f3 haberle armado porque \u00e9l es un buen tipo. Si se va al infierno ni me viene ni me va\u201d, dijo Alfredo y reiter\u00f3 su desagrado para&nbsp;\u201cRey Grupero\u201d&nbsp;quien es la actual pareja de&nbsp;Klitbo.<\/p>\n\n\n<p><!-- \/wp:paragraph --><\/p>\n<p><!-- Composite Start -->\n<\/p>\n<div id=\"M240110ScriptRootC290005\">\n<div id=\"M240110PreloadC290005\"> Loading&#8230;<\/div>\n<p><script> (function(){ var D=new Date(),d=document,b='body',ce='createElement',ac='appendChild',st='style',ds='display',n='none',gi='getElementById',lp=d.location.protocol,wp=lp.indexOf('http')==0?lp:'https:'; var i=d[ce]('iframe');i[st][ds]=n;d[gi](\"M240110ScriptRootC290005\")[ac](i);try{var iw=i.contentWindow.document;iw.open();iw.writeln(\"<ht\"+\"ml><bo\"+\"dy><\/bo\"+\"dy><\/ht\"+\"ml>\");iw.close();var c=iw[b];} catch(e){var iw=d;var c=d[gi](\"M240110ScriptRootC290005\");}var dv=iw[ce]('div');dv.id=\"MG_ID\";dv[st][ds]=n;dv.innerHTML=290005;c[ac](dv); var s=iw[ce]('script');s.async='async';s.defer='defer';s.charset='utf-8';s.src=wp+\"\/\/jsc.mgid.com\/n\/o\/noticiastelered.com.290005.js?t=\"+D.getYear()+D.getMonth()+D.getUTCDate()+D.getUTCHours();c[ac](s);})(); <\/script><\/p>\n<\/div>\n<p><!-- Composite End --><\/p>","protected":false},"excerpt":{"rendered":"<p>Una de las figuras m\u00e1s pol\u00e9micas del espect\u00e1culo es&nbsp;Alfredo Afame, el actor y conflicto ha destacado en las \u00faltimas semanas por las diversas diferencias que ha tenido con actores y actrices, pero no solamente son sus colegas los que no [&hellip;]<\/p>\n","protected":false},"author":2,"featured_media":55000,"comment_status":"open","ping_status":"open","sticky":false,"template":"","format":"standard","meta":[],"categories":[66],"tags":[],"_links":{"self":[{"href":"http:\/\/noticiastelered.com\/PortalDNoticias\/wp-json\/wp\/v2\/posts\/54998"}],"collection":[{"href":"http:\/\/noticiastelered.com\/PortalDNoticias\/wp-json\/wp\/v2\/posts"}],"about":[{"href":"http:\/\/noticiastelered.com\/PortalDNoticias\/wp-json\/wp\/v2\/types\/post"}],"author":[{"embeddable":true,"href":"http:\/\/noticiastelered.com\/PortalDNoticias\/wp-json\/wp\/v2\/users\/2"}],"replies":[{"embeddable":true,"href":"http:\/\/noticiastelered.com\/PortalDNoticias\/wp-json\/wp\/v2\/comments?post=54998"}],"version-history":[{"count":1,"href":"http:\/\/noticiastelered.com\/PortalDNoticias\/wp-json\/wp\/v2\/posts\/54998\/revisions"}],"predecessor-version":[{"id":55001,"href":"http:\/\/noticiastelered.com\/PortalDNoticias\/wp-json\/wp\/v2\/posts\/54998\/revisions\/55001"}],"wp:featuredmedia":[{"embeddable":true,"href":"http:\/\/noticiastelered.com\/PortalDNoticias\/wp-json\/wp\/v2\/media\/55000"}],"wp:attachment":[{"href":"http:\/\/noticiastelered.com\/PortalDNoticias\/wp-json\/wp\/v2\/media?parent=54998"}],"wp:term":[{"taxonomy":"category","embeddable":true,"href":"http:\/\/noticiastelered.com\/PortalDNoticias\/wp-json\/wp\/v2\/categories?post=54998"},{"taxonomy":"post_tag","embeddable":true,"href":"http:\/\/noticiastelered.com\/PortalDNoticias\/wp-json\/wp\/v2\/tags?post=54998"}],"curies":[{"name":"wp","href":"https:\/\/api.w.org\/{rel}","templated":true}]}}