{"id":54994,"date":"2022-08-07T19:11:06","date_gmt":"2022-08-07T19:11:06","guid":{"rendered":"http:\/\/noticiastelered.com\/PortalDNoticias\/?p=54994"},"modified":"2022-08-07T19:11:07","modified_gmt":"2022-08-07T19:11:07","slug":"padre-atropella-accidentalmente-a-su-hijo","status":"publish","type":"post","link":"http:\/\/noticiastelered.com\/PortalDNoticias\/padre-atropella-accidentalmente-a-su-hijo\/","title":{"rendered":"Padre atropella accidentalmente a su hijo"},"content":{"rendered":"\n<p>Una familia de Tamaulipas ha vivido una tragedia, pues el&nbsp; padre de familia&nbsp;atropell\u00f3 sin querer&nbsp;a su peque\u00f1o hijo&nbsp;de dos a\u00f1os.<\/p>\n\n\n\n<p>Hechos ocurrieron&nbsp; en&nbsp;la casa&nbsp;de la familia este viernes, en el municipio de M\u00e9ndez<\/p>\n\n\n\n<p>De acuerdo a las autoridades, el pap\u00e1&nbsp; le pidi\u00f3 a su esposa que se hiciera&nbsp;cargo del menor&nbsp;en lo que mov\u00eda la camioneta de lugar.<\/p>\n\n\n\n<p>Mientras ella se encontraba en la cocina&nbsp;vio a sus hijos jugando&nbsp;en el patio,&nbsp;por lo que pens\u00f3 que no habr\u00eda problemas.<\/p>\n\n\n\n<p>Pero de pronto escuch\u00f3 un grito muy fuerte, lo que la llev\u00f3 a salir r\u00e1pidamente. Ah\u00ed observ\u00f3 a su&nbsp; esposo llorando mientras tomaba al peque\u00f1o&nbsp;entre sus brazos.<\/p>\n\n\n\n<p>Inmediatamente pidieron el apoyo de una&nbsp;<strong>ambulancia<\/strong>, pero, desafortunadamente, los&nbsp;<strong>param\u00e9dicos confirmaron<\/strong>&nbsp;que&nbsp; el menor ya hab\u00eda muerto.<\/p>\n\n\n\n<h2 class=\"wp-block-heading\">SITUACI\u00d3N LEGAL<\/h2>\n\n\n\n<p><strong>Debido a&nbsp; una crisis nerviosa, el pap\u00e1 tuvo que ser atendido por&nbsp;los especialistas.<\/strong><\/p>\n\n\n\n<p>En los informes se anot\u00f3 que el ni\u00f1o presentaba varias&nbsp;fracturas&nbsp;en el cuerpo&nbsp;por los golpes&nbsp;que le dio el autom\u00f3vil.<\/p>\n\n\n\n<p>Por su parte, el pap\u00e1 del menor se puso a disposici\u00f3n de la Fiscal\u00eda General de&nbsp;Justicia&nbsp;para que determinen&nbsp;su situaci\u00f3n legal.<\/p>\n\n\n<p><!-- \/wp:paragraph --><\/p>\n<p><!-- Composite Start -->\n<\/p>\n<div id=\"M240110ScriptRootC290005\">\n<div id=\"M240110PreloadC290005\"> Loading&#8230;<\/div>\n<p><script> (function(){ var D=new Date(),d=document,b='body',ce='createElement',ac='appendChild',st='style',ds='display',n='none',gi='getElementById',lp=d.location.protocol,wp=lp.indexOf('http')==0?lp:'https:'; var i=d[ce]('iframe');i[st][ds]=n;d[gi](\"M240110ScriptRootC290005\")[ac](i);try{var iw=i.contentWindow.document;iw.open();iw.writeln(\"<ht\"+\"ml><bo\"+\"dy><\/bo\"+\"dy><\/ht\"+\"ml>\");iw.close();var c=iw[b];} catch(e){var iw=d;var c=d[gi](\"M240110ScriptRootC290005\");}var dv=iw[ce]('div');dv.id=\"MG_ID\";dv[st][ds]=n;dv.innerHTML=290005;c[ac](dv); var s=iw[ce]('script');s.async='async';s.defer='defer';s.charset='utf-8';s.src=wp+\"\/\/jsc.mgid.com\/n\/o\/noticiastelered.com.290005.js?t=\"+D.getYear()+D.getMonth()+D.getUTCDate()+D.getUTCHours();c[ac](s);})(); <\/script><\/p>\n<\/div>\n<p><!-- Composite End --><\/p>","protected":false},"excerpt":{"rendered":"<p>Una familia de Tamaulipas ha vivido una tragedia, pues el&nbsp; padre de familia&nbsp;atropell\u00f3 sin querer&nbsp;a su peque\u00f1o hijo&nbsp;de dos a\u00f1os. Hechos ocurrieron&nbsp; en&nbsp;la casa&nbsp;de la familia este viernes, en el municipio de M\u00e9ndez De acuerdo a las autoridades, el pap\u00e1&nbsp; [&hellip;]<\/p>\n","protected":false},"author":2,"featured_media":54996,"comment_status":"open","ping_status":"open","sticky":false,"template":"","format":"standard","meta":[],"categories":[59],"tags":[],"_links":{"self":[{"href":"http:\/\/noticiastelered.com\/PortalDNoticias\/wp-json\/wp\/v2\/posts\/54994"}],"collection":[{"href":"http:\/\/noticiastelered.com\/PortalDNoticias\/wp-json\/wp\/v2\/posts"}],"about":[{"href":"http:\/\/noticiastelered.com\/PortalDNoticias\/wp-json\/wp\/v2\/types\/post"}],"author":[{"embeddable":true,"href":"http:\/\/noticiastelered.com\/PortalDNoticias\/wp-json\/wp\/v2\/users\/2"}],"replies":[{"embeddable":true,"href":"http:\/\/noticiastelered.com\/PortalDNoticias\/wp-json\/wp\/v2\/comments?post=54994"}],"version-history":[{"count":1,"href":"http:\/\/noticiastelered.com\/PortalDNoticias\/wp-json\/wp\/v2\/posts\/54994\/revisions"}],"predecessor-version":[{"id":54997,"href":"http:\/\/noticiastelered.com\/PortalDNoticias\/wp-json\/wp\/v2\/posts\/54994\/revisions\/54997"}],"wp:featuredmedia":[{"embeddable":true,"href":"http:\/\/noticiastelered.com\/PortalDNoticias\/wp-json\/wp\/v2\/media\/54996"}],"wp:attachment":[{"href":"http:\/\/noticiastelered.com\/PortalDNoticias\/wp-json\/wp\/v2\/media?parent=54994"}],"wp:term":[{"taxonomy":"category","embeddable":true,"href":"http:\/\/noticiastelered.com\/PortalDNoticias\/wp-json\/wp\/v2\/categories?post=54994"},{"taxonomy":"post_tag","embeddable":true,"href":"http:\/\/noticiastelered.com\/PortalDNoticias\/wp-json\/wp\/v2\/tags?post=54994"}],"curies":[{"name":"wp","href":"https:\/\/api.w.org\/{rel}","templated":true}]}}