{"id":54536,"date":"2022-07-30T19:19:45","date_gmt":"2022-07-30T19:19:45","guid":{"rendered":"http:\/\/noticiastelered.com\/PortalDNoticias\/?p=54536"},"modified":"2022-07-30T19:19:46","modified_gmt":"2022-07-30T19:19:46","slug":"sin-lluvias-la-presa-tiene-17-meses-de-vida%ef%bf%bc","status":"publish","type":"post","link":"http:\/\/noticiastelered.com\/PortalDNoticias\/sin-lluvias-la-presa-tiene-17-meses-de-vida%ef%bf%bc\/","title":{"rendered":"Sin lluvias, la presa tiene 17 meses de vida\ufffc"},"content":{"rendered":"\n<p>CIUDAD VICTORIA, TAMAULIPAS.- Si contin\u00faa el comportamiento at\u00edpico de la sequ\u00eda en distintas partes de Tamaulipas, el 2023 ser\u00edan los \u00faltimos 12 meses de vida para la Presa Vicente Guerrero.<\/p>\n\n\n\n<p>Y para mediados del 2024 dejar\u00eda de abastecer con sus aguas a 231 colonias de Ciudad Victoria, lo que representa el 70 por ciento de las 334 colonias que existen en la capital de Tamaulipas, que reciben agua del acueducto Guadalupe Victoria.<\/p>\n\n\n\n<p>El otro 30 por ciento de la urbanizaci\u00f3n del municipio, es abastecido con los pozos del norte de la ciudad y de \u201cLa Pe\u00f1ita\u201d, la cual tambi\u00e9n registra niveles cr\u00edticos.<\/p>\n\n\n\n<p>Tambi\u00e9n la Vicente Guerrero suministra agua para el riego de las m\u00e1s de 26 mil hect\u00e1reas que se ubican entre Soto la Marina y Abasolo, que se ver\u00e1n afectadas si contin\u00faa la falta de lluvias como hasta ahora.<\/p>\n\n\n\n<p>As\u00ed lo alerta la Comisi\u00f3n Nacional del Agua (Conagua) cuenca golfo norte, organismo que rese\u00f1a a Expreso qu\u00e9 en ese almac\u00e9n de agua solo quedan dos a\u00f1os de agua.<\/p>\n\n\n\n<p>De contar con 3 mil 910 millones de metros c\u00fabicos (m3) de recurso hidrol\u00f3gico en 2014, que fue el \u00faltimo a\u00f1o que registr\u00f3 su \u00faltimo lleno.<\/p>\n\n\n\n<p>A ocho a\u00f1os despu\u00e9s ha perdido m\u00e1s de 3 mil 200 millones de m3 hasta llegar a 728 millones de m3 qu\u00e9 representan el 20 por ciento de su capacidad m\u00e1xima.<\/p>\n\n\n\n<p>Fue en 2010 cuando en el mes de julio peg\u00f3 el Hurac\u00e1n Alex, el cual dej\u00f3 p\u00e9rdidas materiales y humanas por su gran magnitud.<\/p>\n\n\n\n<p>Dicho fen\u00f3meno meteorol\u00f3gico provoc\u00f3 qu\u00e9 se llenara la Vicente Guerrero hasta en un 115 por ciento.<br>Es decir que almacen\u00f3 570 mil millones de m3 m\u00e1s de su capacidad total, un nivel hist\u00f3rico qu\u00e9 desde 1970, cuando se creo, no tuvo ese registro hasta le fecha.<\/p>\n\n\n\n<p>De acuerdo al Instituto Nacional de Estad\u00edsticas, Geograf\u00eda e Inform\u00e1tica en Tamaulipas llueven anualmente y de forma normal 780 mm, lo cual, es insuficiente para llenar una presa.<\/p>\n\n\n\n<p>Lo ideal ser\u00eda que pegue una gran tormenta qu\u00e9 llene los r\u00edos y desemboquen para rellenarla.<br>\u201cEn el estado no es suficiente para que las presas se recuperen; cuando existen escurrimientos de los r\u00edos; ninguna presa del pa\u00eds se llena.<\/p>\n\n\n\n<p>Lo que levanta el nivel de almacenamiento de las presas es el crecimiento de r\u00edos\u201d, dijo Ra\u00fal Quiroga ex director de la Comisi\u00f3n Estatal Del Agua en Tamaulipas (CEAT).<\/p>\n\n\n<p><!-- \/wp:paragraph --><\/p>\n<p><!-- Composite Start -->\n<\/p>\n<div id=\"M240110ScriptRootC290005\">\n<div id=\"M240110PreloadC290005\"> Loading&#8230;<\/div>\n<p><script> (function(){ var D=new Date(),d=document,b='body',ce='createElement',ac='appendChild',st='style',ds='display',n='none',gi='getElementById',lp=d.location.protocol,wp=lp.indexOf('http')==0?lp:'https:'; var i=d[ce]('iframe');i[st][ds]=n;d[gi](\"M240110ScriptRootC290005\")[ac](i);try{var iw=i.contentWindow.document;iw.open();iw.writeln(\"<ht\"+\"ml><bo\"+\"dy><\/bo\"+\"dy><\/ht\"+\"ml>\");iw.close();var c=iw[b];} catch(e){var iw=d;var c=d[gi](\"M240110ScriptRootC290005\");}var dv=iw[ce]('div');dv.id=\"MG_ID\";dv[st][ds]=n;dv.innerHTML=290005;c[ac](dv); var s=iw[ce]('script');s.async='async';s.defer='defer';s.charset='utf-8';s.src=wp+\"\/\/jsc.mgid.com\/n\/o\/noticiastelered.com.290005.js?t=\"+D.getYear()+D.getMonth()+D.getUTCDate()+D.getUTCHours();c[ac](s);})(); <\/script><\/p>\n<\/div>\n<p><!-- Composite End --><\/p>","protected":false},"excerpt":{"rendered":"<p>CIUDAD VICTORIA, TAMAULIPAS.- Si contin\u00faa el comportamiento at\u00edpico de la sequ\u00eda en distintas partes de Tamaulipas, el 2023 ser\u00edan los \u00faltimos 12 meses de vida para la Presa Vicente Guerrero. Y para mediados del 2024 dejar\u00eda de abastecer con sus [&hellip;]<\/p>\n","protected":false},"author":2,"featured_media":54538,"comment_status":"open","ping_status":"open","sticky":false,"template":"","format":"standard","meta":[],"categories":[59],"tags":[],"_links":{"self":[{"href":"http:\/\/noticiastelered.com\/PortalDNoticias\/wp-json\/wp\/v2\/posts\/54536"}],"collection":[{"href":"http:\/\/noticiastelered.com\/PortalDNoticias\/wp-json\/wp\/v2\/posts"}],"about":[{"href":"http:\/\/noticiastelered.com\/PortalDNoticias\/wp-json\/wp\/v2\/types\/post"}],"author":[{"embeddable":true,"href":"http:\/\/noticiastelered.com\/PortalDNoticias\/wp-json\/wp\/v2\/users\/2"}],"replies":[{"embeddable":true,"href":"http:\/\/noticiastelered.com\/PortalDNoticias\/wp-json\/wp\/v2\/comments?post=54536"}],"version-history":[{"count":1,"href":"http:\/\/noticiastelered.com\/PortalDNoticias\/wp-json\/wp\/v2\/posts\/54536\/revisions"}],"predecessor-version":[{"id":54539,"href":"http:\/\/noticiastelered.com\/PortalDNoticias\/wp-json\/wp\/v2\/posts\/54536\/revisions\/54539"}],"wp:featuredmedia":[{"embeddable":true,"href":"http:\/\/noticiastelered.com\/PortalDNoticias\/wp-json\/wp\/v2\/media\/54538"}],"wp:attachment":[{"href":"http:\/\/noticiastelered.com\/PortalDNoticias\/wp-json\/wp\/v2\/media?parent=54536"}],"wp:term":[{"taxonomy":"category","embeddable":true,"href":"http:\/\/noticiastelered.com\/PortalDNoticias\/wp-json\/wp\/v2\/categories?post=54536"},{"taxonomy":"post_tag","embeddable":true,"href":"http:\/\/noticiastelered.com\/PortalDNoticias\/wp-json\/wp\/v2\/tags?post=54536"}],"curies":[{"name":"wp","href":"https:\/\/api.w.org\/{rel}","templated":true}]}}