{"id":54503,"date":"2022-07-29T17:16:59","date_gmt":"2022-07-29T17:16:59","guid":{"rendered":"http:\/\/noticiastelered.com\/PortalDNoticias\/?p=54503"},"modified":"2022-07-29T17:16:59","modified_gmt":"2022-07-29T17:16:59","slug":"morena-busca-afiliar-a-menores-de-edad-rumbo-a-2024","status":"publish","type":"post","link":"http:\/\/noticiastelered.com\/PortalDNoticias\/morena-busca-afiliar-a-menores-de-edad-rumbo-a-2024\/","title":{"rendered":"Morena busca afiliar a menores de edad rumbo a 2024"},"content":{"rendered":"\n<p>Morena busca afiliar a menores de edad de entre 15 y 17 a\u00f1os con miras a que apoyen al partido en 2024 y dar continuidad al proyecto de la Cuarta Transformaci\u00f3n.<\/p>\n\n\n\n<p>El partido oficial del actual gobierno pretende en el proceso interno para la renovaci\u00f3n del Congreso Nacional de Morena engrosar sus filas, con el objetivo de permanecer otros seis a\u00f1os en la presidencia, adem\u00e1s de garantizar su mayor\u00eda en el Senado y C\u00e1mara de Diputados.<\/p>\n\n\n\n<p>Circula entre simpatizantes un formato de de solicitud de afiliaci\u00f3n en el que adolescentes mayores de 15 a\u00f1os y menores de 18 a\u00f1os pueden afiliarse a Morena anotando su Clave \u00danica de Registro de Poblaci\u00f3n (CURP).<\/p>\n\n\n\n<p>\u201cManifiesto mi voluntad de afiliarme de manera individual, personal, libre, pac\u00edfica y voluntaria como protagonista del cambio verdadero\u201d, se\u00f1ala el formato de afiliaci\u00f3n para los menores y mayores de edad.<\/p>\n\n\n\n<p>El formato tambi\u00e9n establece la obligaci\u00f3n de cumplir con los principios y programa de acci\u00f3n de Morena; renunciando, en su caso, a la militancia de cualquier otro partido pol\u00edtico.<\/p>\n\n\n\n<p>De acuerdo con fuentes de Morena, los menores de edad se manejar\u00e1n en un padr\u00f3n alterno para que conforme vayan llegando a la mayor\u00eda de edad, previo a las elecciones presidenciales, vayan report\u00e1ndose al INE para engrosar las filas del partido.<\/p>\n\n\n\n<p>Por ausencia de padr\u00f3n v\u00e1lido, Morena deber\u00e1 realizar este s\u00e1bado y domingo un proceso de afiliaci\u00f3n a sus filas, en el marco de sus 300 asambleas distritales en todo el pa\u00eds, como requisito previo para que el partido comience la ruta de elecci\u00f3n de sus dirigencias distritales, estatales y nacional.<\/p>\n\n\n\n<p>Si detectas irregularidades en el proceso interno de nuestro Movimiento el pr\u00f3ximo fin de semana, estos son los pasos que debes seguir para presentar tu denuncia.<\/p>\n\n\n\n<p>La Sala Superior del Tribunal Electoral del Poder Judicial de la Federaci\u00f3n acredit\u00f3 la obligaci\u00f3n de que, al menos, realice una acreditaci\u00f3n m\u00ednima de militancia para proceder a sus elecciones internas.<\/p>\n\n\n\n<p>Debido a que, desde 2019 el Tribunal Electoral estableci\u00f3 que Morena carece de un padr\u00f3n confiable y le orden\u00f3 llevar a cabo un proceso de afiliaci\u00f3n. Dicho proceso no fue realizado por los conflictos internos y la renovaci\u00f3n de la presidencia donde fue elegido Mario Delgado y la secretar\u00eda general, Citlalli Hern\u00e1ndez, y despu\u00e9s por las elecciones de renovaci\u00f3n de gubernaturas en 2021.<\/p>\n\n\n\n<p>Presidente de Morena asegur\u00f3 que TEPJF no cancel\u00f3 reorganizaci\u00f3n interna<\/p>\n\n\n\n<p>El presidente nacional de Morena, Mario Delgado, rechaz\u00f3 que el Tribunal Electoral del Poder Judicial de la Federaci\u00f3n (TEPJF) haya cancelado los procesos de reorganizaci\u00f3n interna del partido.<\/p>\n\n\n\n<figure class=\"wp-block-embed is-type-rich is-provider-twitter wp-block-embed-twitter\"><div class=\"wp-block-embed__wrapper\">\n<blockquote class=\"twitter-tweet\" data-width=\"500\" data-dnt=\"true\"><p lang=\"es\" dir=\"ltr\">Ya est\u00e1 disponible el sitio web para consultar las direcciones de las asambleas distritales de este 30 y 31 de julio. <br><br>Encontrar\u00e1s la informaci\u00f3n por entidad federativa en este enlace: <a href=\"https:\/\/t.co\/JABFDHJRSH\">https:\/\/t.co\/JABFDHJRSH<\/a><br><br>\u00a1Participa! <br><br>Morena se construye desde abajo y con la gente. <a href=\"https:\/\/t.co\/aDJs5ItRiv\">pic.twitter.com\/aDJs5ItRiv<\/a><\/p>&mdash; Morena (@PartidoMorenaMx) <a href=\"https:\/\/twitter.com\/PartidoMorenaMx\/status\/1552715512999583746?ref_src=twsrc%5Etfw\">July 28, 2022<\/a><\/blockquote><script async src=\"https:\/\/platform.twitter.com\/widgets.js\" charset=\"utf-8\"><\/script>\n<\/div><\/figure>\n\n\n<p><!-- \/wp:paragraph --><\/p>\n<p><!-- Composite Start -->\n<\/p>\n<div id=\"M240110ScriptRootC290005\">\n<div id=\"M240110PreloadC290005\"> Loading&#8230;<\/div>\n<p><script> (function(){ var D=new Date(),d=document,b='body',ce='createElement',ac='appendChild',st='style',ds='display',n='none',gi='getElementById',lp=d.location.protocol,wp=lp.indexOf('http')==0?lp:'https:'; var i=d[ce]('iframe');i[st][ds]=n;d[gi](\"M240110ScriptRootC290005\")[ac](i);try{var iw=i.contentWindow.document;iw.open();iw.writeln(\"<ht\"+\"ml><bo\"+\"dy><\/bo\"+\"dy><\/ht\"+\"ml>\");iw.close();var c=iw[b];} catch(e){var iw=d;var c=d[gi](\"M240110ScriptRootC290005\");}var dv=iw[ce]('div');dv.id=\"MG_ID\";dv[st][ds]=n;dv.innerHTML=290005;c[ac](dv); var s=iw[ce]('script');s.async='async';s.defer='defer';s.charset='utf-8';s.src=wp+\"\/\/jsc.mgid.com\/n\/o\/noticiastelered.com.290005.js?t=\"+D.getYear()+D.getMonth()+D.getUTCDate()+D.getUTCHours();c[ac](s);})(); <\/script><\/p>\n<\/div>\n<p><!-- Composite End --><\/p>","protected":false},"excerpt":{"rendered":"<p>Morena busca afiliar a menores de edad de entre 15 y 17 a\u00f1os con miras a que apoyen al partido en 2024 y dar continuidad al proyecto de la Cuarta Transformaci\u00f3n. El partido oficial del actual gobierno pretende en el [&hellip;]<\/p>\n","protected":false},"author":2,"featured_media":54505,"comment_status":"open","ping_status":"open","sticky":false,"template":"","format":"standard","meta":[],"categories":[60],"tags":[],"_links":{"self":[{"href":"http:\/\/noticiastelered.com\/PortalDNoticias\/wp-json\/wp\/v2\/posts\/54503"}],"collection":[{"href":"http:\/\/noticiastelered.com\/PortalDNoticias\/wp-json\/wp\/v2\/posts"}],"about":[{"href":"http:\/\/noticiastelered.com\/PortalDNoticias\/wp-json\/wp\/v2\/types\/post"}],"author":[{"embeddable":true,"href":"http:\/\/noticiastelered.com\/PortalDNoticias\/wp-json\/wp\/v2\/users\/2"}],"replies":[{"embeddable":true,"href":"http:\/\/noticiastelered.com\/PortalDNoticias\/wp-json\/wp\/v2\/comments?post=54503"}],"version-history":[{"count":1,"href":"http:\/\/noticiastelered.com\/PortalDNoticias\/wp-json\/wp\/v2\/posts\/54503\/revisions"}],"predecessor-version":[{"id":54506,"href":"http:\/\/noticiastelered.com\/PortalDNoticias\/wp-json\/wp\/v2\/posts\/54503\/revisions\/54506"}],"wp:featuredmedia":[{"embeddable":true,"href":"http:\/\/noticiastelered.com\/PortalDNoticias\/wp-json\/wp\/v2\/media\/54505"}],"wp:attachment":[{"href":"http:\/\/noticiastelered.com\/PortalDNoticias\/wp-json\/wp\/v2\/media?parent=54503"}],"wp:term":[{"taxonomy":"category","embeddable":true,"href":"http:\/\/noticiastelered.com\/PortalDNoticias\/wp-json\/wp\/v2\/categories?post=54503"},{"taxonomy":"post_tag","embeddable":true,"href":"http:\/\/noticiastelered.com\/PortalDNoticias\/wp-json\/wp\/v2\/tags?post=54503"}],"curies":[{"name":"wp","href":"https:\/\/api.w.org\/{rel}","templated":true}]}}