{"id":54494,"date":"2022-07-29T17:08:06","date_gmt":"2022-07-29T17:08:06","guid":{"rendered":"http:\/\/noticiastelered.com\/PortalDNoticias\/?p=54494"},"modified":"2022-07-29T17:08:15","modified_gmt":"2022-07-29T17:08:15","slug":"brasil-reporta-su-primera-muerte-por-viruela-del-mono","status":"publish","type":"post","link":"http:\/\/noticiastelered.com\/PortalDNoticias\/brasil-reporta-su-primera-muerte-por-viruela-del-mono\/","title":{"rendered":"Brasil reporta su primera muerte por viruela del mono"},"content":{"rendered":"\n<p>Brasil report\u00f3 su primera muerte relacionada con la viruela del mono, seg\u00fan un comunicado del Ministerio de Salud.<\/p>\n\n\n\n<p>Las autoridades brasile\u00f1as confirmaron el fallecimiento de un hombre de 41 a\u00f1os que padec\u00eda c\u00e1ncer y ten\u00eda el sistema inmunol\u00f3gico debilitado.<\/p>\n\n\n\n<p>La Organizaci\u00f3n Panamericana de la Salud inform\u00f3 que se hab\u00edan detetado al menos 5 mil 284 casos de viruela del mono en 18 pa\u00edses de Am\u00e9rica, siendo los m\u00e1s afectados:<\/p>\n\n\n\n<ul><li>Estados Unidos con 3 mil 500 casos<\/li><li>Canad\u00e1 y Brasil con unos 700<\/li><li>Per\u00fa con 200<\/li><\/ul>\n\n\n<p><!-- \/wp:paragraph --><\/p>\n<p><!-- Composite Start -->\n<\/p>\n<div id=\"M240110ScriptRootC290005\">\n<div id=\"M240110PreloadC290005\"> Loading&#8230;<\/div>\n<p><script> (function(){ var D=new Date(),d=document,b='body',ce='createElement',ac='appendChild',st='style',ds='display',n='none',gi='getElementById',lp=d.location.protocol,wp=lp.indexOf('http')==0?lp:'https:'; var i=d[ce]('iframe');i[st][ds]=n;d[gi](\"M240110ScriptRootC290005\")[ac](i);try{var iw=i.contentWindow.document;iw.open();iw.writeln(\"<ht\"+\"ml><bo\"+\"dy><\/bo\"+\"dy><\/ht\"+\"ml>\");iw.close();var c=iw[b];} catch(e){var iw=d;var c=d[gi](\"M240110ScriptRootC290005\");}var dv=iw[ce]('div');dv.id=\"MG_ID\";dv[st][ds]=n;dv.innerHTML=290005;c[ac](dv); var s=iw[ce]('script');s.async='async';s.defer='defer';s.charset='utf-8';s.src=wp+\"\/\/jsc.mgid.com\/n\/o\/noticiastelered.com.290005.js?t=\"+D.getYear()+D.getMonth()+D.getUTCDate()+D.getUTCHours();c[ac](s);})(); <\/script><\/p>\n<\/div>\n<p><!-- Composite End --><\/p>","protected":false},"excerpt":{"rendered":"<p>Brasil report\u00f3 su primera muerte relacionada con la viruela del mono, seg\u00fan un comunicado del Ministerio de Salud. Las autoridades brasile\u00f1as confirmaron el fallecimiento de un hombre de 41 a\u00f1os que padec\u00eda c\u00e1ncer y ten\u00eda el sistema inmunol\u00f3gico debilitado. La [&hellip;]<\/p>\n","protected":false},"author":2,"featured_media":54496,"comment_status":"open","ping_status":"open","sticky":false,"template":"","format":"standard","meta":[],"categories":[61],"tags":[],"_links":{"self":[{"href":"http:\/\/noticiastelered.com\/PortalDNoticias\/wp-json\/wp\/v2\/posts\/54494"}],"collection":[{"href":"http:\/\/noticiastelered.com\/PortalDNoticias\/wp-json\/wp\/v2\/posts"}],"about":[{"href":"http:\/\/noticiastelered.com\/PortalDNoticias\/wp-json\/wp\/v2\/types\/post"}],"author":[{"embeddable":true,"href":"http:\/\/noticiastelered.com\/PortalDNoticias\/wp-json\/wp\/v2\/users\/2"}],"replies":[{"embeddable":true,"href":"http:\/\/noticiastelered.com\/PortalDNoticias\/wp-json\/wp\/v2\/comments?post=54494"}],"version-history":[{"count":2,"href":"http:\/\/noticiastelered.com\/PortalDNoticias\/wp-json\/wp\/v2\/posts\/54494\/revisions"}],"predecessor-version":[{"id":54498,"href":"http:\/\/noticiastelered.com\/PortalDNoticias\/wp-json\/wp\/v2\/posts\/54494\/revisions\/54498"}],"wp:featuredmedia":[{"embeddable":true,"href":"http:\/\/noticiastelered.com\/PortalDNoticias\/wp-json\/wp\/v2\/media\/54496"}],"wp:attachment":[{"href":"http:\/\/noticiastelered.com\/PortalDNoticias\/wp-json\/wp\/v2\/media?parent=54494"}],"wp:term":[{"taxonomy":"category","embeddable":true,"href":"http:\/\/noticiastelered.com\/PortalDNoticias\/wp-json\/wp\/v2\/categories?post=54494"},{"taxonomy":"post_tag","embeddable":true,"href":"http:\/\/noticiastelered.com\/PortalDNoticias\/wp-json\/wp\/v2\/tags?post=54494"}],"curies":[{"name":"wp","href":"https:\/\/api.w.org\/{rel}","templated":true}]}}