{"id":54486,"date":"2022-07-29T17:00:21","date_gmt":"2022-07-29T17:00:21","guid":{"rendered":"http:\/\/noticiastelered.com\/PortalDNoticias\/?p=54486"},"modified":"2022-07-29T17:00:21","modified_gmt":"2022-07-29T17:00:21","slug":"will-smith-se-disculpa-otra-vez-con-chris-rock-por-cachetada-me-siento-como-una-mierda","status":"publish","type":"post","link":"http:\/\/noticiastelered.com\/PortalDNoticias\/will-smith-se-disculpa-otra-vez-con-chris-rock-por-cachetada-me-siento-como-una-mierda\/","title":{"rendered":"Will Smith se disculpa otra vez con Chris Rock por cachetada; &#8220;me siento como una mierda&#8221;"},"content":{"rendered":"\n<p>Will Smith ofreci\u00f3 disculpas a Chris Rock, comediante y presentador, por haberlo abofeteado durante la entrega de los Premios Oscar 2022 al hacer una broma sobre la calvicie de su esposa Jada Pinkett.<\/p>\n\n\n\n<p>A trav\u00e9s de un video, el actor reconoci\u00f3 que su comportamiento esa noche no fue el correcto, por lo que se siente \u201ccomo una mierda\u201d, ya que no pens\u00f3 en todas las personas a las que pudo haber herido.<\/p>\n\n\n\n<p>\u201cMe comuniqu\u00e9 con Chris y el mensaje que me respondi\u00f3 es que no est\u00e1 listo para hablar y cuando lo est\u00e9, lo har\u00e1. As\u00ed que te lo dir\u00e9, Chris, te pido disculpas. Mi comportamiento fue inaceptable y estoy aqu\u00ed cuando est\u00e9s listo para hablar\u201d, le dijo.<\/p>\n\n\n\n<p>Adem\u00e1s, Will dej\u00f3 claro que el subir al escenario fue una decisi\u00f3n que tom\u00f3 por su propia cuenta y no intervino su esposa. \u201cJada no tuvo nada que ver\u201d, puntualiz\u00f3.<\/p>\n\n\n\n<p>La estrella de King Richard tambi\u00e9n ofreci\u00f3 disculpas a la madre de Chris y a su hermano Tony Rock, con quien dijo que ten\u00eda una buena relaci\u00f3n y que tal vez tras lo ocurrido ya es irreparable.<\/p>\n\n\n\n<p>\u201cNo estaba pensando en cu\u00e1ntas personas resultaron heridas en ese momento. As\u00ed que quiero disculparme con la madre de Chris, quiero disculparme con la familia de Chris, espec\u00edficamente, Tony Rock. Ten\u00edamos una gran relaci\u00f3n\u201d, dijo.<\/p>\n\n\n\n<p>El actor se sincer\u00f3 y asegur\u00f3 que odia cuando decepciona a las personas, ya que esa noche no se comport\u00f3 a la altura de la imagen e impresi\u00f3n que el p\u00fablico tiene de \u00e9l.<\/p>\n\n\n\n<p>Se dijo \u201cprofundamente arrepentido\u201d. \u201cSoy un ser humano y comet\u00ed un error (\u2026), s\u00e9 que fue impactante, pero les prometo que estoy profundamente dedicado y comprometido a poner luz, amor y alegr\u00eda en el mundo\u201d, afirm\u00f3.<\/p>\n\n\n\n<p>Es la segunda disculpa que Will Smith ofrece a Chris Rock, pero la primera en video desde aquella noche hace cuatro meses.<\/p>\n\n\n<p><!-- \/wp:paragraph --><\/p>\n<p><!-- Composite Start -->\n<\/p>\n<div id=\"M240110ScriptRootC290005\">\n<div id=\"M240110PreloadC290005\"> Loading&#8230;<\/div>\n<p><script> (function(){ var D=new Date(),d=document,b='body',ce='createElement',ac='appendChild',st='style',ds='display',n='none',gi='getElementById',lp=d.location.protocol,wp=lp.indexOf('http')==0?lp:'https:'; var i=d[ce]('iframe');i[st][ds]=n;d[gi](\"M240110ScriptRootC290005\")[ac](i);try{var iw=i.contentWindow.document;iw.open();iw.writeln(\"<ht\"+\"ml><bo\"+\"dy><\/bo\"+\"dy><\/ht\"+\"ml>\");iw.close();var c=iw[b];} catch(e){var iw=d;var c=d[gi](\"M240110ScriptRootC290005\");}var dv=iw[ce]('div');dv.id=\"MG_ID\";dv[st][ds]=n;dv.innerHTML=290005;c[ac](dv); var s=iw[ce]('script');s.async='async';s.defer='defer';s.charset='utf-8';s.src=wp+\"\/\/jsc.mgid.com\/n\/o\/noticiastelered.com.290005.js?t=\"+D.getYear()+D.getMonth()+D.getUTCDate()+D.getUTCHours();c[ac](s);})(); <\/script><\/p>\n<\/div>\n<p><!-- Composite End --><\/p>","protected":false},"excerpt":{"rendered":"<p>Will Smith ofreci\u00f3 disculpas a Chris Rock, comediante y presentador, por haberlo abofeteado durante la entrega de los Premios Oscar 2022 al hacer una broma sobre la calvicie de su esposa Jada Pinkett. A trav\u00e9s de un video, el actor [&hellip;]<\/p>\n","protected":false},"author":2,"featured_media":54488,"comment_status":"open","ping_status":"open","sticky":false,"template":"","format":"standard","meta":[],"categories":[66],"tags":[],"_links":{"self":[{"href":"http:\/\/noticiastelered.com\/PortalDNoticias\/wp-json\/wp\/v2\/posts\/54486"}],"collection":[{"href":"http:\/\/noticiastelered.com\/PortalDNoticias\/wp-json\/wp\/v2\/posts"}],"about":[{"href":"http:\/\/noticiastelered.com\/PortalDNoticias\/wp-json\/wp\/v2\/types\/post"}],"author":[{"embeddable":true,"href":"http:\/\/noticiastelered.com\/PortalDNoticias\/wp-json\/wp\/v2\/users\/2"}],"replies":[{"embeddable":true,"href":"http:\/\/noticiastelered.com\/PortalDNoticias\/wp-json\/wp\/v2\/comments?post=54486"}],"version-history":[{"count":1,"href":"http:\/\/noticiastelered.com\/PortalDNoticias\/wp-json\/wp\/v2\/posts\/54486\/revisions"}],"predecessor-version":[{"id":54489,"href":"http:\/\/noticiastelered.com\/PortalDNoticias\/wp-json\/wp\/v2\/posts\/54486\/revisions\/54489"}],"wp:featuredmedia":[{"embeddable":true,"href":"http:\/\/noticiastelered.com\/PortalDNoticias\/wp-json\/wp\/v2\/media\/54488"}],"wp:attachment":[{"href":"http:\/\/noticiastelered.com\/PortalDNoticias\/wp-json\/wp\/v2\/media?parent=54486"}],"wp:term":[{"taxonomy":"category","embeddable":true,"href":"http:\/\/noticiastelered.com\/PortalDNoticias\/wp-json\/wp\/v2\/categories?post=54486"},{"taxonomy":"post_tag","embeddable":true,"href":"http:\/\/noticiastelered.com\/PortalDNoticias\/wp-json\/wp\/v2\/tags?post=54486"}],"curies":[{"name":"wp","href":"https:\/\/api.w.org\/{rel}","templated":true}]}}