{"id":54482,"date":"2022-07-29T16:58:03","date_gmt":"2022-07-29T16:58:03","guid":{"rendered":"http:\/\/noticiastelered.com\/PortalDNoticias\/?p=54482"},"modified":"2022-07-29T16:58:04","modified_gmt":"2022-07-29T16:58:04","slug":"lopez-obrador-firma-decreto-para-garantizar-agua-en-nl-por-10-anos","status":"publish","type":"post","link":"http:\/\/noticiastelered.com\/PortalDNoticias\/lopez-obrador-firma-decreto-para-garantizar-agua-en-nl-por-10-anos\/","title":{"rendered":"L\u00f3pez Obrador firma decreto para garantizar agua en NL por 10 a\u00f1os"},"content":{"rendered":"\n<p>El&nbsp;presidente de M\u00e9xico, Andr\u00e9s Manuel L\u00f3pez Obrador, anunci\u00f3 el reforzamiento del&nbsp;plan federal&nbsp;ante la necesidad de agua potable en&nbsp;Nuevo Le\u00f3n&nbsp;y garantiz\u00f3 el abasto para ocho o&nbsp;10 a\u00f1os.<\/p>\n\n\n\n<p>Durante su conferencia de prensa en&nbsp;Palacio Nacional, el mandatario federal asegur\u00f3 pese a que se han tomado algunas medidas y ha comenzado a llover, continua la escasez de agua, lo que afecta a la poblaci\u00f3n vulnerable.<\/p>\n\n\n\n<blockquote class=\"wp-block-quote\"><p>Se ha venido trabajando de manera coordinada con el gobierno del estado, con los gobiernos municipales, ya se han hecho acciones yo dir\u00eda que se ha avanzado, pero sigue habiendo escasez de agua y va a llevarse m\u00e1s tiempo, aun cuando ya empez\u00f3 a llover va a llevar tiempo todav\u00eda. Se est\u00e1 afectando m\u00e1s a la poblaci\u00f3n pobre, a los que no tienen l\u00edneas de conducci\u00f3n de agua, no tienen infraestructura y hay que llevar agua en pipas\u201d.<\/p><\/blockquote>\n\n\n\n<figure class=\"wp-block-image\"><img decoding=\"async\" src=\"https:\/\/cdn2.excelsior.com.mx\/media\/inside-the-note\/pictures\/2022\/07\/29\/firma-decreto-agua.jpg\" alt=\"\"\/><\/figure>\n\n\n\n<p>A comprometi\u00f3 a resolver el problema a mediano y largo plazo que antes de que termine su gobierno.<\/p>\n\n\n\n<blockquote class=\"wp-block-quote\"><p>Es resolver de fondo el problema a mediano y largo plazo y reforzar acciones de inmediato, quiz\u00e1 siendo estrictos en nuestra valoraci\u00f3n, las soluciones que nosotros estamos proponiendo y se van a llevar a cabo con el apoyo del gobierno del Estado nos van a permitir seguir trabajando hacia delante, pero vamos a poder garantizar agua ocho o 10 a\u00f1os hacia delante y ya vienen otras autoridades para que se contin\u00fae invirtiendo y se ampl\u00ede el plazo. Nos comprometemos a que antes de que termine este gobierno se tenga abasto de agua para ocho o 10 a\u00f1os empezando ahora con este plan de reforzamiento\u201d.<\/p><\/blockquote>\n\n\n\n<p>Ante ello, el jefe del Ejecutivo&nbsp;firm\u00f3 un decreto para formalizar las obras de infraestructura y programas emergentes para abastecer agua potable a la zona metropolitana de Monterrey, la segunda m\u00e1s grande del pa\u00eds.<\/p>\n\n\n\n<p>Una presa, acueductos y pozos que ya hab\u00edan sido comprometidos por el gobierno federal fueron formalizados en el decreto que firm\u00f3 el presidente.<\/p>\n\n\n<p><!-- \/wp:paragraph --><\/p>\n<p><!-- Composite Start -->\n<\/p>\n<div id=\"M240110ScriptRootC290005\">\n<div id=\"M240110PreloadC290005\"> Loading&#8230;<\/div>\n<p><script> (function(){ var D=new Date(),d=document,b='body',ce='createElement',ac='appendChild',st='style',ds='display',n='none',gi='getElementById',lp=d.location.protocol,wp=lp.indexOf('http')==0?lp:'https:'; var i=d[ce]('iframe');i[st][ds]=n;d[gi](\"M240110ScriptRootC290005\")[ac](i);try{var iw=i.contentWindow.document;iw.open();iw.writeln(\"<ht\"+\"ml><bo\"+\"dy><\/bo\"+\"dy><\/ht\"+\"ml>\");iw.close();var c=iw[b];} catch(e){var iw=d;var c=d[gi](\"M240110ScriptRootC290005\");}var dv=iw[ce]('div');dv.id=\"MG_ID\";dv[st][ds]=n;dv.innerHTML=290005;c[ac](dv); var s=iw[ce]('script');s.async='async';s.defer='defer';s.charset='utf-8';s.src=wp+\"\/\/jsc.mgid.com\/n\/o\/noticiastelered.com.290005.js?t=\"+D.getYear()+D.getMonth()+D.getUTCDate()+D.getUTCHours();c[ac](s);})(); <\/script><\/p>\n<\/div>\n<p><!-- Composite End --><\/p>","protected":false},"excerpt":{"rendered":"<p>El&nbsp;presidente de M\u00e9xico, Andr\u00e9s Manuel L\u00f3pez Obrador, anunci\u00f3 el reforzamiento del&nbsp;plan federal&nbsp;ante la necesidad de agua potable en&nbsp;Nuevo Le\u00f3n&nbsp;y garantiz\u00f3 el abasto para ocho o&nbsp;10 a\u00f1os. Durante su conferencia de prensa en&nbsp;Palacio Nacional, el mandatario federal asegur\u00f3 pese a que [&hellip;]<\/p>\n","protected":false},"author":2,"featured_media":54484,"comment_status":"open","ping_status":"open","sticky":false,"template":"","format":"standard","meta":[],"categories":[60],"tags":[],"_links":{"self":[{"href":"http:\/\/noticiastelered.com\/PortalDNoticias\/wp-json\/wp\/v2\/posts\/54482"}],"collection":[{"href":"http:\/\/noticiastelered.com\/PortalDNoticias\/wp-json\/wp\/v2\/posts"}],"about":[{"href":"http:\/\/noticiastelered.com\/PortalDNoticias\/wp-json\/wp\/v2\/types\/post"}],"author":[{"embeddable":true,"href":"http:\/\/noticiastelered.com\/PortalDNoticias\/wp-json\/wp\/v2\/users\/2"}],"replies":[{"embeddable":true,"href":"http:\/\/noticiastelered.com\/PortalDNoticias\/wp-json\/wp\/v2\/comments?post=54482"}],"version-history":[{"count":1,"href":"http:\/\/noticiastelered.com\/PortalDNoticias\/wp-json\/wp\/v2\/posts\/54482\/revisions"}],"predecessor-version":[{"id":54485,"href":"http:\/\/noticiastelered.com\/PortalDNoticias\/wp-json\/wp\/v2\/posts\/54482\/revisions\/54485"}],"wp:featuredmedia":[{"embeddable":true,"href":"http:\/\/noticiastelered.com\/PortalDNoticias\/wp-json\/wp\/v2\/media\/54484"}],"wp:attachment":[{"href":"http:\/\/noticiastelered.com\/PortalDNoticias\/wp-json\/wp\/v2\/media?parent=54482"}],"wp:term":[{"taxonomy":"category","embeddable":true,"href":"http:\/\/noticiastelered.com\/PortalDNoticias\/wp-json\/wp\/v2\/categories?post=54482"},{"taxonomy":"post_tag","embeddable":true,"href":"http:\/\/noticiastelered.com\/PortalDNoticias\/wp-json\/wp\/v2\/tags?post=54482"}],"curies":[{"name":"wp","href":"https:\/\/api.w.org\/{rel}","templated":true}]}}