{"id":54114,"date":"2022-07-24T20:55:58","date_gmt":"2022-07-24T20:55:58","guid":{"rendered":"http:\/\/noticiastelered.com\/PortalDNoticias\/?p=54114"},"modified":"2022-07-24T20:55:59","modified_gmt":"2022-07-24T20:55:59","slug":"no-soy-pelele-de-nadie-lopez-obrador","status":"publish","type":"post","link":"http:\/\/noticiastelered.com\/PortalDNoticias\/no-soy-pelele-de-nadie-lopez-obrador\/","title":{"rendered":"&#8216;No soy pelele de nadie&#8217;: L\u00f3pez Obrador"},"content":{"rendered":"\n<p>El&nbsp;presidente Andr\u00e9s Manuel L\u00f3pez Obrador&nbsp;afirm\u00f3 que quienes critican la postura de su gobierno en la&nbsp;protecci\u00f3n a las empresas paraestatales&nbsp;del&nbsp;sector energ\u00e9tico&nbsp;son traidores a la Patria y asegur\u00f3 que \u00e9l no es &#8220;pelele&#8221; de nadie.<\/p>\n\n\n\n<p>Desde Rosamorada, Nayarit, el titular del Ejecutivo se refiri\u00f3 en esos t\u00e9rminos a pol\u00edticos, empresarios y periodistas que han criticado a su gobierno por la&nbsp;reforma a la ley en materia el\u00e9ctrica&nbsp;que ha sido cuestionada por los&nbsp;gobiernos de Estados Unidos y Canad\u00e1.<\/p>\n\n\n\n<p>Ambos pa\u00edses han llamado a consultas al gobierno de M\u00e9xico para que se les expliquen los alcances de la&nbsp;<strong>reforma en materia el\u00e9ctrica<\/strong>&nbsp;a ra\u00edz de las recientes reformas constitucionales.<\/p>\n\n\n\n<blockquote class=\"wp-block-quote\"><p>&#8220;Aunque parezca incre\u00edble los reaccionarios de M\u00e9xico est\u00e1n defendiendo a las empresas extranjeras. En vez de defender a Pemex y a la CFE, est\u00e1n defendiendo a las empresas petroleras, a las empresas el\u00e9ctricas del extranjero, son unos traidores a la Patria.<\/p><\/blockquote>\n\n\n\n<blockquote class=\"wp-block-quote\"><p>&#8220;Pero saben qu\u00e9, nosotros no vamos a dar un paso atr\u00e1s. M\u00e9xico es un pa\u00eds independiente, no es colonia de ning\u00fan pa\u00eds extranjero y el presidente de M\u00e9xico, no es t\u00edtere, no es pelele de ning\u00fan gobierno del exterior&#8221;, reiter\u00f3 L\u00f3pez Obrador.<\/p><\/blockquote>\n\n\n\n<p>Insisti\u00f3 en que, en sus encuentros con el&nbsp;presidente de los Estados Unidos, Joe Biden,&nbsp;han sido cordiales y que siempre ha planteado condiciones de igualdad entre ambos pa\u00edses.<\/p>\n\n\n\n<blockquote class=\"wp-block-quote\"><p>&#8220;Eso es lo que me dice el presidente Biden y eso es lo que voy a hacer valer, la soberan\u00eda de M\u00e9xico, la independencia de M\u00e9xico&#8221;, insisti\u00f3 el titular del Ejecutivo.<\/p><\/blockquote>\n\n\n\n<p>L\u00f3pez Obrador anunci\u00f3 que establecer\u00e1 la postura del gobierno de M\u00e9xico ante el llamado a consultas de los gobiernos de Canad\u00e1 y Estados Unidos el pr\u00f3ximo 16 de septiembre, durante las conmemoraciones de la&nbsp;<strong>Independencia de M\u00e9xico.<\/strong><\/p>\n\n\n\n<p>El presidente de M\u00e9xico realiza este fin de semana una gira por Nayarit.<\/p>\n\n\n\n<p>El viernes, el titular del Ejecutivo reiter\u00f3 en varias ocasiones que, desde su punto de vista, la determinaci\u00f3n del gobierno de M\u00e9xico de proteger a Petr\u00f3leos Mexicanos y la Comisi\u00f3n Federal de Electricidad, no es una violaci\u00f3n al tratado comercial.<\/p>\n\n\n\n<p>Adem\u00e1s de que consider\u00f3 que el sector de los hidrocarburos es relevante en este caso porque buena parte de la energ\u00eda el\u00e9ctrica que se produce en M\u00e9xico es generada mediante la quema de gas.<\/p>\n\n\n<p><!-- \/wp:paragraph --><\/p>\n<p><!-- Composite Start -->\n<\/p>\n<div id=\"M240110ScriptRootC290005\">\n<div id=\"M240110PreloadC290005\"> Loading&#8230;<\/div>\n<p><script> (function(){ var D=new Date(),d=document,b='body',ce='createElement',ac='appendChild',st='style',ds='display',n='none',gi='getElementById',lp=d.location.protocol,wp=lp.indexOf('http')==0?lp:'https:'; var i=d[ce]('iframe');i[st][ds]=n;d[gi](\"M240110ScriptRootC290005\")[ac](i);try{var iw=i.contentWindow.document;iw.open();iw.writeln(\"<ht\"+\"ml><bo\"+\"dy><\/bo\"+\"dy><\/ht\"+\"ml>\");iw.close();var c=iw[b];} catch(e){var iw=d;var c=d[gi](\"M240110ScriptRootC290005\");}var dv=iw[ce]('div');dv.id=\"MG_ID\";dv[st][ds]=n;dv.innerHTML=290005;c[ac](dv); var s=iw[ce]('script');s.async='async';s.defer='defer';s.charset='utf-8';s.src=wp+\"\/\/jsc.mgid.com\/n\/o\/noticiastelered.com.290005.js?t=\"+D.getYear()+D.getMonth()+D.getUTCDate()+D.getUTCHours();c[ac](s);})(); <\/script><\/p>\n<\/div>\n<p><!-- Composite End --><\/p>","protected":false},"excerpt":{"rendered":"<p>El&nbsp;presidente Andr\u00e9s Manuel L\u00f3pez Obrador&nbsp;afirm\u00f3 que quienes critican la postura de su gobierno en la&nbsp;protecci\u00f3n a las empresas paraestatales&nbsp;del&nbsp;sector energ\u00e9tico&nbsp;son traidores a la Patria y asegur\u00f3 que \u00e9l no es &#8220;pelele&#8221; de nadie. Desde Rosamorada, Nayarit, el titular del Ejecutivo [&hellip;]<\/p>\n","protected":false},"author":2,"featured_media":54116,"comment_status":"open","ping_status":"open","sticky":false,"template":"","format":"standard","meta":[],"categories":[60],"tags":[],"_links":{"self":[{"href":"http:\/\/noticiastelered.com\/PortalDNoticias\/wp-json\/wp\/v2\/posts\/54114"}],"collection":[{"href":"http:\/\/noticiastelered.com\/PortalDNoticias\/wp-json\/wp\/v2\/posts"}],"about":[{"href":"http:\/\/noticiastelered.com\/PortalDNoticias\/wp-json\/wp\/v2\/types\/post"}],"author":[{"embeddable":true,"href":"http:\/\/noticiastelered.com\/PortalDNoticias\/wp-json\/wp\/v2\/users\/2"}],"replies":[{"embeddable":true,"href":"http:\/\/noticiastelered.com\/PortalDNoticias\/wp-json\/wp\/v2\/comments?post=54114"}],"version-history":[{"count":1,"href":"http:\/\/noticiastelered.com\/PortalDNoticias\/wp-json\/wp\/v2\/posts\/54114\/revisions"}],"predecessor-version":[{"id":54117,"href":"http:\/\/noticiastelered.com\/PortalDNoticias\/wp-json\/wp\/v2\/posts\/54114\/revisions\/54117"}],"wp:featuredmedia":[{"embeddable":true,"href":"http:\/\/noticiastelered.com\/PortalDNoticias\/wp-json\/wp\/v2\/media\/54116"}],"wp:attachment":[{"href":"http:\/\/noticiastelered.com\/PortalDNoticias\/wp-json\/wp\/v2\/media?parent=54114"}],"wp:term":[{"taxonomy":"category","embeddable":true,"href":"http:\/\/noticiastelered.com\/PortalDNoticias\/wp-json\/wp\/v2\/categories?post=54114"},{"taxonomy":"post_tag","embeddable":true,"href":"http:\/\/noticiastelered.com\/PortalDNoticias\/wp-json\/wp\/v2\/tags?post=54114"}],"curies":[{"name":"wp","href":"https:\/\/api.w.org\/{rel}","templated":true}]}}