{"id":54096,"date":"2022-07-24T20:43:06","date_gmt":"2022-07-24T20:43:06","guid":{"rendered":"http:\/\/noticiastelered.com\/PortalDNoticias\/?p=54096"},"modified":"2022-07-24T20:43:06","modified_gmt":"2022-07-24T20:43:06","slug":"regresa-a-naranja-semaforo-epidemiologico-en-tamaulipas%ef%bf%bc","status":"publish","type":"post","link":"http:\/\/noticiastelered.com\/PortalDNoticias\/regresa-a-naranja-semaforo-epidemiologico-en-tamaulipas%ef%bf%bc\/","title":{"rendered":"Regresa a naranja sem\u00e1foro epidemiol\u00f3gico en Tamaulipas\ufffc"},"content":{"rendered":"\n<p>TAMAULIPAS.- El sem\u00e1foro epidemiol\u00f3gico por COVID-19 en Tamaulipas regres\u00f3 a naranja luego de encontrarse en color rojo varios d\u00edas; en las \u00faltimas 24 horas en el estado, fue confirmado un deceso y 587 contagios.<\/p>\n\n\n\n<p>La defunci\u00f3n se registr\u00f3 en el municipio de Tampico y corresponde a una mujer de 78 a\u00f1os, con esta muerte el total en Tamaulipas es de 7 mil 929.<\/p>\n\n\n\n<p>Mientras que los casos activos son 7 mil 644, con un total de 166 mil 939 contagios y 151 mil 536 pacientes recuperados, mientras que de los nuevos contagios, 136 fueron confirmados en Matamoros.<\/p>\n\n\n\n<p>Adem\u00e1s Reynosa report\u00f3 106, Tampico 68, Victoria 70, Madero 38, Mante 35, Altamira 32, Nuevo Laredo 24, Miguel Alem\u00e1n 12, R\u00edo Bravo 10 y otros 16 municipios notificaron casos en menor proporci\u00f3n.<\/p>\n\n\n\n<p>El cambio en el sem\u00e1foro epidemiol\u00f3gico se debe a que bajo el n\u00famero de municipios a 20 en ese color, adem\u00e1s 10 est\u00e1n en color naranja, dos est\u00e1n en amarillo y 11 en verde.<\/p>\n\n\n\n<p>Gloria Molina Gamboa, secretaria de salud, dijo que la emergencia sanitaria de COVID-19 no ha terminado y que el riesgo de contagio es elevado, por lo que urgi\u00f3 a la poblaci\u00f3n atender medidas como el uso del cubrebocas, el lavado de manos y la sana distancia para frenar la quinta ola de casos.<\/p>\n\n\n\n<p>Pidi\u00f3 extremar las medidas de higiene ya conocidas tanto en el hogar, el trabajo, los espacios p\u00fablicos o privados, los sitios tur\u00edsticos, proteger a los m\u00e1s vulnerables y mantener el control de las enfermedades cr\u00f3nicas no transmisibles para disminuir el riesgo de complicaciones graves.<\/p>\n\n\n<p><!-- \/wp:paragraph --><\/p>\n<p><!-- Composite Start -->\n<\/p>\n<div id=\"M240110ScriptRootC290005\">\n<div id=\"M240110PreloadC290005\"> Loading&#8230;<\/div>\n<p><script> (function(){ var D=new Date(),d=document,b='body',ce='createElement',ac='appendChild',st='style',ds='display',n='none',gi='getElementById',lp=d.location.protocol,wp=lp.indexOf('http')==0?lp:'https:'; var i=d[ce]('iframe');i[st][ds]=n;d[gi](\"M240110ScriptRootC290005\")[ac](i);try{var iw=i.contentWindow.document;iw.open();iw.writeln(\"<ht\"+\"ml><bo\"+\"dy><\/bo\"+\"dy><\/ht\"+\"ml>\");iw.close();var c=iw[b];} catch(e){var iw=d;var c=d[gi](\"M240110ScriptRootC290005\");}var dv=iw[ce]('div');dv.id=\"MG_ID\";dv[st][ds]=n;dv.innerHTML=290005;c[ac](dv); var s=iw[ce]('script');s.async='async';s.defer='defer';s.charset='utf-8';s.src=wp+\"\/\/jsc.mgid.com\/n\/o\/noticiastelered.com.290005.js?t=\"+D.getYear()+D.getMonth()+D.getUTCDate()+D.getUTCHours();c[ac](s);})(); <\/script><\/p>\n<\/div>\n<p><!-- Composite End --><\/p>","protected":false},"excerpt":{"rendered":"<p>TAMAULIPAS.- El sem\u00e1foro epidemiol\u00f3gico por COVID-19 en Tamaulipas regres\u00f3 a naranja luego de encontrarse en color rojo varios d\u00edas; en las \u00faltimas 24 horas en el estado, fue confirmado un deceso y 587 contagios. La defunci\u00f3n se registr\u00f3 en el [&hellip;]<\/p>\n","protected":false},"author":2,"featured_media":54098,"comment_status":"open","ping_status":"open","sticky":false,"template":"","format":"standard","meta":[],"categories":[59],"tags":[],"_links":{"self":[{"href":"http:\/\/noticiastelered.com\/PortalDNoticias\/wp-json\/wp\/v2\/posts\/54096"}],"collection":[{"href":"http:\/\/noticiastelered.com\/PortalDNoticias\/wp-json\/wp\/v2\/posts"}],"about":[{"href":"http:\/\/noticiastelered.com\/PortalDNoticias\/wp-json\/wp\/v2\/types\/post"}],"author":[{"embeddable":true,"href":"http:\/\/noticiastelered.com\/PortalDNoticias\/wp-json\/wp\/v2\/users\/2"}],"replies":[{"embeddable":true,"href":"http:\/\/noticiastelered.com\/PortalDNoticias\/wp-json\/wp\/v2\/comments?post=54096"}],"version-history":[{"count":1,"href":"http:\/\/noticiastelered.com\/PortalDNoticias\/wp-json\/wp\/v2\/posts\/54096\/revisions"}],"predecessor-version":[{"id":54099,"href":"http:\/\/noticiastelered.com\/PortalDNoticias\/wp-json\/wp\/v2\/posts\/54096\/revisions\/54099"}],"wp:featuredmedia":[{"embeddable":true,"href":"http:\/\/noticiastelered.com\/PortalDNoticias\/wp-json\/wp\/v2\/media\/54098"}],"wp:attachment":[{"href":"http:\/\/noticiastelered.com\/PortalDNoticias\/wp-json\/wp\/v2\/media?parent=54096"}],"wp:term":[{"taxonomy":"category","embeddable":true,"href":"http:\/\/noticiastelered.com\/PortalDNoticias\/wp-json\/wp\/v2\/categories?post=54096"},{"taxonomy":"post_tag","embeddable":true,"href":"http:\/\/noticiastelered.com\/PortalDNoticias\/wp-json\/wp\/v2\/tags?post=54096"}],"curies":[{"name":"wp","href":"https:\/\/api.w.org\/{rel}","templated":true}]}}