{"id":54091,"date":"2022-07-23T21:28:35","date_gmt":"2022-07-23T21:28:35","guid":{"rendered":"http:\/\/noticiastelered.com\/PortalDNoticias\/?p=54091"},"modified":"2022-07-23T21:28:35","modified_gmt":"2022-07-23T21:28:35","slug":"debahni-yrma-lydya-y-luz-raquel-los-feminicidios-que-reventaron-exigencias-de-justicia-en-mexico","status":"publish","type":"post","link":"http:\/\/noticiastelered.com\/PortalDNoticias\/debahni-yrma-lydya-y-luz-raquel-los-feminicidios-que-reventaron-exigencias-de-justicia-en-mexico\/","title":{"rendered":"Debahni, Yrma Lydya y Luz Raquel: los feminicidios que reventaron exigencias de justicia en M\u00e9xico"},"content":{"rendered":"\n<p>En lo que va del 2022, se han registrado 493 casos de&nbsp;muertes violentas&nbsp;de mujeres en M\u00e9xico,&nbsp;de acuerdo con el reporte de la&nbsp;Secretaria de Seguridad y Protecci\u00f3n Ciudadana (SSPC).<\/p>\n\n\n\n<p>En este contexto, los&nbsp;feminicidios&nbsp;han ido en aumento en comparaci\u00f3n con el a\u00f1o pasado y algunos casos han ganado relevancia, como la&nbsp;desaparici\u00f3n&nbsp;y posterior hallazgo del cuerpo&nbsp;sin vida de&nbsp;Debanhi Escobar, el asesinato de&nbsp;Yrma Lydya&nbsp;en un restaurante de lujo y el reciente caso de&nbsp;Luz Raquel Padilla, quien fue&nbsp;quemada viva&nbsp;por un grupo de personas, tres d\u00edas despu\u00e9s&nbsp;falleci\u00f3&nbsp;debido a las quemaduras en el 80 por ciento de su cuerpo.<\/p>\n\n\n\n<h2 class=\"wp-block-heading\">Debanhi Susana Escobar Bazald\u00faa<\/h2>\n\n\n\n<p>La joven de 18 a\u00f1os&nbsp;estudiante de Derecho&nbsp;fue vista por \u00faltima vez el&nbsp;9 de abril, sali\u00f3 de fiesta y posteriormente, sus conocidas la dejaron en un&nbsp;taxi&nbsp;en el municipio de Escobedo. Desde entonces se desconoci\u00f3 su paradero, familiares y autoridades emprendieron una&nbsp;b\u00fasqueda&nbsp;que culmin\u00f3 en el hallazgo de su cuerpo sin vida dentro de una cisterna del&nbsp;motel Nueva Castilla.<\/p>\n\n\n\n<figure class=\"wp-block-image\"><img decoding=\"async\" src=\"https:\/\/heraldodemexico.com.mx\/u\/fotografias\/m\/2022\/5\/9\/f768x400-511026_554929_5050.jpeg\" alt=\"\"\/><figcaption>Debanhi Escobar desapareci\u00f3 el 9 de abril. | FOTO: Especial<\/figcaption><\/figure>\n\n\n\n<p>De acuerdo con la tercer autopsia realizada el 1 de julio, la joven muri\u00f3 por&nbsp;asfixia por sofocamiento de obstrucci\u00f3n de las v\u00edas respiratorias, de tres&nbsp;a cinco&nbsp;d\u00edas antes de la localizaci\u00f3n de su cuerpo. Hasta el momento no hay detenidos o sospechosos del feminicidio de la joven regia.<\/p>\n\n\n\n<h2 class=\"wp-block-heading\">Yrma Lydya Gamboa Jim\u00e9nez<\/h2>\n\n\n\n<p>El 23 de junio por la noche,&nbsp;la cantante Yrma Lydya fue&nbsp;asesinada&nbsp;al interior del restaurante&nbsp;Suntory, ubicado en la colonia Del Valle, en la Ciudad de M\u00e9xico, los primeros reportes se\u00f1alaron a su&nbsp;esposo,&nbsp;el abogado&nbsp;Jes\u00fas Hern\u00e1ndez Alcocer,&nbsp;como el presunto responsable de haberle&nbsp;disparado&nbsp;en tres ocasiones.<\/p>\n\n\n\n<figure class=\"wp-block-image\"><img decoding=\"async\" src=\"https:\/\/heraldodemexico.com.mx\/u\/fotografias\/m\/2022\/6\/24\/f768x400-532567_576470_5050.jpg\" alt=\"\"\/><figcaption>Yrma Lydya falleci\u00f3 a causa de impactos por arma de fuego. | FOTO:&nbsp;&nbsp;Instagram @yrma_lydya<\/figcaption><\/figure>\n\n\n\n<p>Esa misma noche, el hombre de&nbsp;79 a\u00f1os fue&nbsp;detenido&nbsp;y tres d\u00edas despu\u00e9s fue trasladado al&nbsp;Reclusorio Norte, luego de que un&nbsp;juez de control le dictara&nbsp;prisi\u00f3n preventiva oficiosa&nbsp;por su probable participaci\u00f3n en el delito de&nbsp;feminicidio&nbsp;de la cantante. El 30 de junio, el abogado y su&nbsp;escolta, Benjam\u00edn &#8220;N&#8221; fueron&nbsp;vinculados a proceso&nbsp;y permanecer\u00e1n recluidos durante la investigaci\u00f3n complementaria.<\/p>\n\n\n\n<h2 class=\"wp-block-heading\">Luz Raquel Padilla<\/h2>\n\n\n\n<p>El m\u00e1s reciente caso de feminicidio ha causado una fuerte indignaci\u00f3n, pues&nbsp;Luz Raquel&nbsp;perdi\u00f3 la vida a causa de las quemaduras en su cuerpo que le provocaron&nbsp;un grupo de personas al rociarle&nbsp;solvente&nbsp;y posteriormente&nbsp;prenderle fuego&nbsp;en&nbsp;un parque ubicado en la colonia&nbsp;Arcos de Zapopan,&nbsp;en el municipio de&nbsp;Zapopan,&nbsp;Jalisco.<\/p>\n\n\n\n<p>La joven de 35 a\u00f1os hab\u00eda denunciado las&nbsp;amenazas&nbsp;que recib\u00eda constantemente por parte de uno de sus vecinos y su madre, a quienes les causaban molestia los ruidos que hac\u00eda su hijo de 11 a\u00f1os, detectado con&nbsp;autismo severo, cuando ten\u00eda una crisis.<\/p>\n\n\n\n<figure class=\"wp-block-image\"><img decoding=\"async\" src=\"https:\/\/heraldodemexico.com.mx\/u\/fotografias\/m\/2022\/7\/23\/f768x400-546611_590514_5050.jpeg\" alt=\"\"\/><figcaption>Luz Raquel era la principal cuidadora de su hijo con autismo. | FOTO: Twitter&nbsp;@brujasdelmar<\/figcaption><\/figure>\n\n\n\n<p>El 17 de mayo de 2022 cuando denunci\u00f3 la&nbsp;primera agresi\u00f3n&nbsp;por parte de su vecino, quien la atac\u00f3 con&nbsp;cloro industrial&nbsp;y le ocasion\u00f3 da\u00f1o en su seno izquierdo. En consecuencia, Luz hab\u00eda solicitado protecci\u00f3n a trav\u00e9s del programa&nbsp;Pulsos de la vida, para poder ser asistida de inmediatamente,&nbsp;pero no se le otorg\u00f3, el argumento fue que necesitaba interponer una&nbsp;denuncia formal.<\/p>\n\n\n\n<p>El&nbsp;jueves 21 de julio le fueron&nbsp;imputados&nbsp;delitos contra la dignidad de las personas,&nbsp;amenazas&nbsp;y&nbsp;lesiones&nbsp;a&nbsp;Sergio Ismael &#8220;I&#8221;, vecino y presunto agresor de Luz Raquel, asimismo,&nbsp;fue trasladado al&nbsp;Penal de Puente Grande.<\/p>\n\n\n\n<p>El fallecimiento de Luz Padilla volvi\u00f3 a poner sobre la mesa los alarmantes casos de feminicidios en M\u00e9xico, pues como ha sucedido en otras ocasiones, la joven madre y cuidadora de su hijo,&nbsp;ya hab\u00eda hecho p\u00fablicas las amenazas&nbsp;y agresiones que sufr\u00eda, como pintas al exterior de su domicilio, lo que culmin\u00f3 en su fallecimiento el pasado 19 de julio.&nbsp;<\/p>\n\n\n<p><!-- \/wp:paragraph --><\/p>\n<p><!-- Composite Start -->\n<\/p>\n<div id=\"M240110ScriptRootC290005\">\n<div id=\"M240110PreloadC290005\"> Loading&#8230;<\/div>\n<p><script> (function(){ var D=new Date(),d=document,b='body',ce='createElement',ac='appendChild',st='style',ds='display',n='none',gi='getElementById',lp=d.location.protocol,wp=lp.indexOf('http')==0?lp:'https:'; var i=d[ce]('iframe');i[st][ds]=n;d[gi](\"M240110ScriptRootC290005\")[ac](i);try{var iw=i.contentWindow.document;iw.open();iw.writeln(\"<ht\"+\"ml><bo\"+\"dy><\/bo\"+\"dy><\/ht\"+\"ml>\");iw.close();var c=iw[b];} catch(e){var iw=d;var c=d[gi](\"M240110ScriptRootC290005\");}var dv=iw[ce]('div');dv.id=\"MG_ID\";dv[st][ds]=n;dv.innerHTML=290005;c[ac](dv); var s=iw[ce]('script');s.async='async';s.defer='defer';s.charset='utf-8';s.src=wp+\"\/\/jsc.mgid.com\/n\/o\/noticiastelered.com.290005.js?t=\"+D.getYear()+D.getMonth()+D.getUTCDate()+D.getUTCHours();c[ac](s);})(); <\/script><\/p>\n<\/div>\n<p><!-- Composite End --><\/p>","protected":false},"excerpt":{"rendered":"<p>En lo que va del 2022, se han registrado 493 casos de&nbsp;muertes violentas&nbsp;de mujeres en M\u00e9xico,&nbsp;de acuerdo con el reporte de la&nbsp;Secretaria de Seguridad y Protecci\u00f3n Ciudadana (SSPC). En este contexto, los&nbsp;feminicidios&nbsp;han ido en aumento en comparaci\u00f3n con el a\u00f1o [&hellip;]<\/p>\n","protected":false},"author":2,"featured_media":54094,"comment_status":"open","ping_status":"open","sticky":false,"template":"","format":"standard","meta":[],"categories":[60],"tags":[],"_links":{"self":[{"href":"http:\/\/noticiastelered.com\/PortalDNoticias\/wp-json\/wp\/v2\/posts\/54091"}],"collection":[{"href":"http:\/\/noticiastelered.com\/PortalDNoticias\/wp-json\/wp\/v2\/posts"}],"about":[{"href":"http:\/\/noticiastelered.com\/PortalDNoticias\/wp-json\/wp\/v2\/types\/post"}],"author":[{"embeddable":true,"href":"http:\/\/noticiastelered.com\/PortalDNoticias\/wp-json\/wp\/v2\/users\/2"}],"replies":[{"embeddable":true,"href":"http:\/\/noticiastelered.com\/PortalDNoticias\/wp-json\/wp\/v2\/comments?post=54091"}],"version-history":[{"count":1,"href":"http:\/\/noticiastelered.com\/PortalDNoticias\/wp-json\/wp\/v2\/posts\/54091\/revisions"}],"predecessor-version":[{"id":54095,"href":"http:\/\/noticiastelered.com\/PortalDNoticias\/wp-json\/wp\/v2\/posts\/54091\/revisions\/54095"}],"wp:featuredmedia":[{"embeddable":true,"href":"http:\/\/noticiastelered.com\/PortalDNoticias\/wp-json\/wp\/v2\/media\/54094"}],"wp:attachment":[{"href":"http:\/\/noticiastelered.com\/PortalDNoticias\/wp-json\/wp\/v2\/media?parent=54091"}],"wp:term":[{"taxonomy":"category","embeddable":true,"href":"http:\/\/noticiastelered.com\/PortalDNoticias\/wp-json\/wp\/v2\/categories?post=54091"},{"taxonomy":"post_tag","embeddable":true,"href":"http:\/\/noticiastelered.com\/PortalDNoticias\/wp-json\/wp\/v2\/tags?post=54091"}],"curies":[{"name":"wp","href":"https:\/\/api.w.org\/{rel}","templated":true}]}}