{"id":54087,"date":"2022-07-23T21:21:52","date_gmt":"2022-07-23T21:21:52","guid":{"rendered":"http:\/\/noticiastelered.com\/PortalDNoticias\/?p=54087"},"modified":"2022-07-23T21:21:53","modified_gmt":"2022-07-23T21:21:53","slug":"la-salud-no-tiene-que-ver-con-ideologias-amlo-al-recibir-a-primeros-medicos-especialistas-de-cuba","status":"publish","type":"post","link":"http:\/\/noticiastelered.com\/PortalDNoticias\/la-salud-no-tiene-que-ver-con-ideologias-amlo-al-recibir-a-primeros-medicos-especialistas-de-cuba\/","title":{"rendered":"\u201cLa salud no tiene que ver con ideolog\u00edas\u201d: AMLO, al recibir a primeros m\u00e9dicos especialistas de Cuba"},"content":{"rendered":"\n<p>El presidente Andr\u00e9s Manuel L\u00f3pez Obrador defendi\u00f3 la contrataci\u00f3n del primer grupo de m\u00e9dicos especialistas de Cuba que, a partir del lunes comenzar\u00e1n a dar servicio en Nayarit, justificando que no hay especialistas suficientes en M\u00e9xico para atender a la poblaci\u00f3n y advirti\u00f3 que, de ser necesario, tambi\u00e9n traer\u00e1n personal de Estados Unidos y de Rusia, pues \u201cla salud no tiene ideolog\u00edas\u201d.<\/p>\n\n\n\n<p>Al supervisar los avances del Programa Salud para el Bienestar en Nayarit, desde la Unidad M\u00e9dica IMSS Bienestar en el municipio Rosamorada, el mandatario federal contest\u00f3 a quienes criticaron la decisi\u00f3n del gobierno federal de traer a los cubanos.<\/p>\n\n\n\n<p>\u201cPor eso, tambi\u00e9n he tomado la decisi\u00f3n y no es responsabilidad ni del doctor Navarro, que le env\u00edo un abrazo fraterno, ni del doctor Alcocer ni de Zo\u00e9, una instrucci\u00f3n que yo di sabiendo c\u00f3mo iban a responder nuestros adversarios conservadores, yo tom\u00e9 la decisi\u00f3n de que contrat\u00e1ramos m\u00e9dicos especialistas del extranjero y van a venir m\u00e9dicos de Cuba.<\/p>\n\n\n\n<p>\u201c\u00bfSaben por qu\u00e9? Porque la salud no tiene que ver con ideolog\u00edas, la salud tiene que ver con los derechos humanos. Y si hay que traerlos de Estados Unidos y de Rusia o de Cuba, de Jap\u00f3n o de Francia los vamos a tener aqu\u00ed\u201d<\/p>\n\n\n\n<p>El evento estuvo marcado por protestas de una docena de personas que acusaron haber sido despedidos injustificadamente de unidades m\u00e9dicas del estado, y que dijeron que representaban a un total de 70 trabajadores m\u00e1s.<\/p>\n\n\n\n<p>Los manifestaste interrumpieron los discursos del secretario de Salud, Jorge Alcocer; del titular del IMSS, Zo\u00e9 Robledo; y del presidente L\u00f3pez Obrador. Pero detuvieron su protesta cuando el presidente de la Rep\u00fablica les dio su palabra en que se revisar\u00e1 su caso, para que sean reinstalados.<\/p>\n\n\n\n<p>El jefe del Estado mexicano dijo que ser\u00e1n parte de los m\u00e1s de 90 mil trabajadores del sistema de salud p\u00fablico que desde a\u00f1os trabajaban sin contrato fijo, y que este gobierno ha decidido basificar.&nbsp;<\/p>\n\n\n\n<p>\u201cVamos a basificiar a todos los trabajadores de la salud y vamos a mejorar los servicios\u201d, dijo. -\u00bfY los que fueron despedidos? -gritaron los manifestantes. \u201cLos que fueron despedidos injustificadamente van a ser reinstalados, pero saben una cosa, vamos a revisar qu\u00e9 hacen porque no queremos gente que cobren sin trabajar. No deben de preocuparse los que est\u00e1n trabajando tienen su derecho, y vamos a mejorar el sistema de salud, no van a faltar los medicamentos\u201d, contest\u00f3.<\/p>\n\n\n\n<p>Durante el evento, estuvieron presentes ocho del grupo de 60 m\u00e9dicos especialistas de Cuba que arribaron al pa\u00eds, sin embargo, rechazaron dar declaraci\u00f3n alguna al ser cuestionados por la prensa.<\/p>\n\n\n<p><!-- \/wp:paragraph --><\/p>\n<p><!-- Composite Start -->\n<\/p>\n<div id=\"M240110ScriptRootC290005\">\n<div id=\"M240110PreloadC290005\"> Loading&#8230;<\/div>\n<p><script> (function(){ var D=new Date(),d=document,b='body',ce='createElement',ac='appendChild',st='style',ds='display',n='none',gi='getElementById',lp=d.location.protocol,wp=lp.indexOf('http')==0?lp:'https:'; var i=d[ce]('iframe');i[st][ds]=n;d[gi](\"M240110ScriptRootC290005\")[ac](i);try{var iw=i.contentWindow.document;iw.open();iw.writeln(\"<ht\"+\"ml><bo\"+\"dy><\/bo\"+\"dy><\/ht\"+\"ml>\");iw.close();var c=iw[b];} catch(e){var iw=d;var c=d[gi](\"M240110ScriptRootC290005\");}var dv=iw[ce]('div');dv.id=\"MG_ID\";dv[st][ds]=n;dv.innerHTML=290005;c[ac](dv); var s=iw[ce]('script');s.async='async';s.defer='defer';s.charset='utf-8';s.src=wp+\"\/\/jsc.mgid.com\/n\/o\/noticiastelered.com.290005.js?t=\"+D.getYear()+D.getMonth()+D.getUTCDate()+D.getUTCHours();c[ac](s);})(); <\/script><\/p>\n<\/div>\n<p><!-- Composite End --><\/p>","protected":false},"excerpt":{"rendered":"<p>El presidente Andr\u00e9s Manuel L\u00f3pez Obrador defendi\u00f3 la contrataci\u00f3n del primer grupo de m\u00e9dicos especialistas de Cuba que, a partir del lunes comenzar\u00e1n a dar servicio en Nayarit, justificando que no hay especialistas suficientes en M\u00e9xico para atender a la [&hellip;]<\/p>\n","protected":false},"author":2,"featured_media":54089,"comment_status":"open","ping_status":"open","sticky":false,"template":"","format":"standard","meta":[],"categories":[60],"tags":[],"_links":{"self":[{"href":"http:\/\/noticiastelered.com\/PortalDNoticias\/wp-json\/wp\/v2\/posts\/54087"}],"collection":[{"href":"http:\/\/noticiastelered.com\/PortalDNoticias\/wp-json\/wp\/v2\/posts"}],"about":[{"href":"http:\/\/noticiastelered.com\/PortalDNoticias\/wp-json\/wp\/v2\/types\/post"}],"author":[{"embeddable":true,"href":"http:\/\/noticiastelered.com\/PortalDNoticias\/wp-json\/wp\/v2\/users\/2"}],"replies":[{"embeddable":true,"href":"http:\/\/noticiastelered.com\/PortalDNoticias\/wp-json\/wp\/v2\/comments?post=54087"}],"version-history":[{"count":1,"href":"http:\/\/noticiastelered.com\/PortalDNoticias\/wp-json\/wp\/v2\/posts\/54087\/revisions"}],"predecessor-version":[{"id":54090,"href":"http:\/\/noticiastelered.com\/PortalDNoticias\/wp-json\/wp\/v2\/posts\/54087\/revisions\/54090"}],"wp:featuredmedia":[{"embeddable":true,"href":"http:\/\/noticiastelered.com\/PortalDNoticias\/wp-json\/wp\/v2\/media\/54089"}],"wp:attachment":[{"href":"http:\/\/noticiastelered.com\/PortalDNoticias\/wp-json\/wp\/v2\/media?parent=54087"}],"wp:term":[{"taxonomy":"category","embeddable":true,"href":"http:\/\/noticiastelered.com\/PortalDNoticias\/wp-json\/wp\/v2\/categories?post=54087"},{"taxonomy":"post_tag","embeddable":true,"href":"http:\/\/noticiastelered.com\/PortalDNoticias\/wp-json\/wp\/v2\/tags?post=54087"}],"curies":[{"name":"wp","href":"https:\/\/api.w.org\/{rel}","templated":true}]}}