{"id":53511,"date":"2022-07-15T19:09:03","date_gmt":"2022-07-15T19:09:03","guid":{"rendered":"http:\/\/noticiastelered.com\/PortalDNoticias\/?p=53511"},"modified":"2022-07-15T19:09:04","modified_gmt":"2022-07-15T19:09:04","slug":"con-misa-despiden-a-migrantes-guanajuatenses-muertos-en-trailer-en-texas%ef%bf%bc","status":"publish","type":"post","link":"http:\/\/noticiastelered.com\/PortalDNoticias\/con-misa-despiden-a-migrantes-guanajuatenses-muertos-en-trailer-en-texas%ef%bf%bc\/","title":{"rendered":"Con misa despiden a migrantes guanajuatenses muertos en tr\u00e1iler en Texas\ufffc"},"content":{"rendered":"\n<p>GUANAJUATO.- Con dolor, impotencia y coraje, fueron recibidos, cuatro de los 8 guanajuatenses que murieron en la caja de un tr\u00e1iler en San Antonio Texas.<\/p>\n\n\n\n<p>En la comunidad de La Enmara\u00f1ada, municipio de Valle de Santiago se celebr\u00f3 una misa de cuerpo presente para despedir a Mar\u00eda Guadalupe Montero, una mujer de 29 a\u00f1os de edad, que decidi\u00f3 partir a Estados Unidos para dar una mejor calidad de vida a sus dos hijos.<\/p>\n\n\n\n<p>\u201cLas circunstancias de alguien que sale de este lugar para buscar un beneficio para ayudar a la familia y terminar as\u00ed es lo que m\u00e1s nos sucumbe, nos mueve\u201d, dijo Alejandro de la Vega. sacerdote que ofici\u00f3 la misa.<\/p>\n\n\n\n<p>Lo familiares de las v\u00edctimas, resignados esperan continuar con sus vidas tras el lamentable hecho.<\/p>\n\n\n\n<p>\u201cEs un peque\u00f1o alivio, yo no la quer\u00eda as\u00ed, por eso no tengo palabras, yo creo que nadie se merece esto, pero as\u00ed pasaron las cosas y son situaciones que no hay vuelta atr\u00e1s, pues no nos queda nada m\u00e1s que salir adelante\u201d, expres\u00f3 Vicente Montero, padre de la migrante Mar\u00eda Guadalupe.<\/p>\n\n\n\n<p>En el municipio de Cortazar fue recibido el cuerpo de Omar Rico Almanza, el cual, con la ilusi\u00f3n de construir una casa para su esposa, sus dos hijas y su hijo, que llegar\u00e1 al mundo en pr\u00f3ximos d\u00edas, cruz\u00f3 la frontera para emplearse como carpintero en el ramo de la construcci\u00f3n.<\/p>\n\n\n\n<p>\u201cCreo que estas personas van para hacer algo mejor para sus familias, creo que deber\u00edan ya no poner tantos obst\u00e1culos porque la gente lo \u00fanico que quiere es trabajar\u201d, expres\u00f3 el hermano de Omar, Jaime Rico.<\/p>\n\n\n\n<p>Para \u00e9l, ni su hermano, ni los ocho migrantes guanajuatenses que perdieron la vida en la caja del tr\u00e1iler se merec\u00edan un final as\u00ed.<\/p>\n\n\n\n<p>\u201cLa verdad que no, mi hermano siempre fue una persona muy trabajadora y le ech\u00f3 siempre ganas y se fue con una ilusi\u00f3n de tener algo m\u00e1s. No se pudo, pero los hermanos lo vamos a apoyar\u201d.<\/p>\n\n\n\n<p>Por ello hizo esta recomendaci\u00f3n a los que quieran aventurarse a cruzar la frontera.<\/p>\n\n\n\n<p>\u201cDe que piensen m\u00e1s las cosas, que no arriesguen sus vidas en tr\u00e1ilers. No les digo que no se vayan, pero hay que ser m\u00e1s precavidos\u201d.<\/p>\n\n\n\n<p>Los cuatro cuerpos restantes arribar\u00e1n a Guanajuato en las pr\u00f3ximas horas y ser\u00e1n trasladados a los municipios de Celaya, Cortazar y San Jos\u00e9 Iturbide.<\/p>\n\n\n<p><!-- \/wp:paragraph --><\/p>\n<p><!-- Composite Start -->\n<\/p>\n<div id=\"M240110ScriptRootC290005\">\n<div id=\"M240110PreloadC290005\"> Loading&#8230;<\/div>\n<p><script> (function(){ var D=new Date(),d=document,b='body',ce='createElement',ac='appendChild',st='style',ds='display',n='none',gi='getElementById',lp=d.location.protocol,wp=lp.indexOf('http')==0?lp:'https:'; var i=d[ce]('iframe');i[st][ds]=n;d[gi](\"M240110ScriptRootC290005\")[ac](i);try{var iw=i.contentWindow.document;iw.open();iw.writeln(\"<ht\"+\"ml><bo\"+\"dy><\/bo\"+\"dy><\/ht\"+\"ml>\");iw.close();var c=iw[b];} catch(e){var iw=d;var c=d[gi](\"M240110ScriptRootC290005\");}var dv=iw[ce]('div');dv.id=\"MG_ID\";dv[st][ds]=n;dv.innerHTML=290005;c[ac](dv); var s=iw[ce]('script');s.async='async';s.defer='defer';s.charset='utf-8';s.src=wp+\"\/\/jsc.mgid.com\/n\/o\/noticiastelered.com.290005.js?t=\"+D.getYear()+D.getMonth()+D.getUTCDate()+D.getUTCHours();c[ac](s);})(); <\/script><\/p>\n<\/div>\n<p><!-- Composite End --><\/p>","protected":false},"excerpt":{"rendered":"<p>GUANAJUATO.- Con dolor, impotencia y coraje, fueron recibidos, cuatro de los 8 guanajuatenses que murieron en la caja de un tr\u00e1iler en San Antonio Texas. En la comunidad de La Enmara\u00f1ada, municipio de Valle de Santiago se celebr\u00f3 una misa [&hellip;]<\/p>\n","protected":false},"author":7,"featured_media":53513,"comment_status":"open","ping_status":"open","sticky":false,"template":"","format":"standard","meta":[],"categories":[60],"tags":[],"_links":{"self":[{"href":"http:\/\/noticiastelered.com\/PortalDNoticias\/wp-json\/wp\/v2\/posts\/53511"}],"collection":[{"href":"http:\/\/noticiastelered.com\/PortalDNoticias\/wp-json\/wp\/v2\/posts"}],"about":[{"href":"http:\/\/noticiastelered.com\/PortalDNoticias\/wp-json\/wp\/v2\/types\/post"}],"author":[{"embeddable":true,"href":"http:\/\/noticiastelered.com\/PortalDNoticias\/wp-json\/wp\/v2\/users\/7"}],"replies":[{"embeddable":true,"href":"http:\/\/noticiastelered.com\/PortalDNoticias\/wp-json\/wp\/v2\/comments?post=53511"}],"version-history":[{"count":1,"href":"http:\/\/noticiastelered.com\/PortalDNoticias\/wp-json\/wp\/v2\/posts\/53511\/revisions"}],"predecessor-version":[{"id":53514,"href":"http:\/\/noticiastelered.com\/PortalDNoticias\/wp-json\/wp\/v2\/posts\/53511\/revisions\/53514"}],"wp:featuredmedia":[{"embeddable":true,"href":"http:\/\/noticiastelered.com\/PortalDNoticias\/wp-json\/wp\/v2\/media\/53513"}],"wp:attachment":[{"href":"http:\/\/noticiastelered.com\/PortalDNoticias\/wp-json\/wp\/v2\/media?parent=53511"}],"wp:term":[{"taxonomy":"category","embeddable":true,"href":"http:\/\/noticiastelered.com\/PortalDNoticias\/wp-json\/wp\/v2\/categories?post=53511"},{"taxonomy":"post_tag","embeddable":true,"href":"http:\/\/noticiastelered.com\/PortalDNoticias\/wp-json\/wp\/v2\/tags?post=53511"}],"curies":[{"name":"wp","href":"https:\/\/api.w.org\/{rel}","templated":true}]}}