{"id":53498,"date":"2022-07-15T17:15:46","date_gmt":"2022-07-15T17:15:46","guid":{"rendered":"http:\/\/noticiastelered.com\/PortalDNoticias\/?p=53498"},"modified":"2022-07-15T17:15:47","modified_gmt":"2022-07-15T17:15:47","slug":"recibira-amlo-a-la-primera-mexicana-que-hizo-un-viaje-al-espacio%ef%bf%bc","status":"publish","type":"post","link":"http:\/\/noticiastelered.com\/PortalDNoticias\/recibira-amlo-a-la-primera-mexicana-que-hizo-un-viaje-al-espacio%ef%bf%bc\/","title":{"rendered":"Recibir\u00e1 AMLO a la primera mexicana que hizo un viaje al espacio\ufffc"},"content":{"rendered":"\n<p>M\u00c9XICO.- La ma\u00f1ana de este viernes 15 de julio, el presidente Andr\u00e9s Manuel L\u00f3pez Obrador inici\u00f3 su conferencia ma\u00f1anera desde Palacio Nacional con la presentaci\u00f3n de un video de Katya Echazarreta, primera mexicana en ir al espacio.<\/p>\n\n\n\n<p>En el video la mexicana se\u00f1al\u00f3 que desde el vuelo al espacio se lo dedic\u00f3 a M\u00e9xico ya que dijo ella es originaria de Guadalajara y que toda su familia est\u00e1 en este pa\u00eds.<\/p>\n\n\n\n<p>Ante representantes de los medios de comunicaci\u00f3n, el mandatario envi\u00f3 una felicitaci\u00f3n y reconocimiento a Katya, a\u00f1adi\u00f3 que vendr\u00e1 al pa\u00eds y se reunir\u00e1 con ella en el mes de agosto.<\/p>\n\n\n\n<figure class=\"wp-block-image\"><img decoding=\"async\" src=\"https:\/\/expreso.press\/wp-content\/uploads\/2022\/07\/astronauta-int-249x187.jpg\" alt=\"\" class=\"wp-image-625873\"\/><\/figure>\n\n\n<p><!-- \/wp:paragraph --><\/p>\n<p><!-- Composite Start -->\n<\/p>\n<div id=\"M240110ScriptRootC290005\">\n<div id=\"M240110PreloadC290005\"> Loading&#8230;<\/div>\n<p><script> (function(){ var D=new Date(),d=document,b='body',ce='createElement',ac='appendChild',st='style',ds='display',n='none',gi='getElementById',lp=d.location.protocol,wp=lp.indexOf('http')==0?lp:'https:'; var i=d[ce]('iframe');i[st][ds]=n;d[gi](\"M240110ScriptRootC290005\")[ac](i);try{var iw=i.contentWindow.document;iw.open();iw.writeln(\"<ht\"+\"ml><bo\"+\"dy><\/bo\"+\"dy><\/ht\"+\"ml>\");iw.close();var c=iw[b];} catch(e){var iw=d;var c=d[gi](\"M240110ScriptRootC290005\");}var dv=iw[ce]('div');dv.id=\"MG_ID\";dv[st][ds]=n;dv.innerHTML=290005;c[ac](dv); var s=iw[ce]('script');s.async='async';s.defer='defer';s.charset='utf-8';s.src=wp+\"\/\/jsc.mgid.com\/n\/o\/noticiastelered.com.290005.js?t=\"+D.getYear()+D.getMonth()+D.getUTCDate()+D.getUTCHours();c[ac](s);})(); <\/script><\/p>\n<\/div>\n<p><!-- Composite End --><\/p>","protected":false},"excerpt":{"rendered":"<p>M\u00c9XICO.- La ma\u00f1ana de este viernes 15 de julio, el presidente Andr\u00e9s Manuel L\u00f3pez Obrador inici\u00f3 su conferencia ma\u00f1anera desde Palacio Nacional con la presentaci\u00f3n de un video de Katya Echazarreta, primera mexicana en ir al espacio. En el video [&hellip;]<\/p>\n","protected":false},"author":7,"featured_media":53500,"comment_status":"open","ping_status":"open","sticky":false,"template":"","format":"standard","meta":[],"categories":[60],"tags":[],"_links":{"self":[{"href":"http:\/\/noticiastelered.com\/PortalDNoticias\/wp-json\/wp\/v2\/posts\/53498"}],"collection":[{"href":"http:\/\/noticiastelered.com\/PortalDNoticias\/wp-json\/wp\/v2\/posts"}],"about":[{"href":"http:\/\/noticiastelered.com\/PortalDNoticias\/wp-json\/wp\/v2\/types\/post"}],"author":[{"embeddable":true,"href":"http:\/\/noticiastelered.com\/PortalDNoticias\/wp-json\/wp\/v2\/users\/7"}],"replies":[{"embeddable":true,"href":"http:\/\/noticiastelered.com\/PortalDNoticias\/wp-json\/wp\/v2\/comments?post=53498"}],"version-history":[{"count":1,"href":"http:\/\/noticiastelered.com\/PortalDNoticias\/wp-json\/wp\/v2\/posts\/53498\/revisions"}],"predecessor-version":[{"id":53501,"href":"http:\/\/noticiastelered.com\/PortalDNoticias\/wp-json\/wp\/v2\/posts\/53498\/revisions\/53501"}],"wp:featuredmedia":[{"embeddable":true,"href":"http:\/\/noticiastelered.com\/PortalDNoticias\/wp-json\/wp\/v2\/media\/53500"}],"wp:attachment":[{"href":"http:\/\/noticiastelered.com\/PortalDNoticias\/wp-json\/wp\/v2\/media?parent=53498"}],"wp:term":[{"taxonomy":"category","embeddable":true,"href":"http:\/\/noticiastelered.com\/PortalDNoticias\/wp-json\/wp\/v2\/categories?post=53498"},{"taxonomy":"post_tag","embeddable":true,"href":"http:\/\/noticiastelered.com\/PortalDNoticias\/wp-json\/wp\/v2\/tags?post=53498"}],"curies":[{"name":"wp","href":"https:\/\/api.w.org\/{rel}","templated":true}]}}