{"id":52570,"date":"2022-07-02T21:34:00","date_gmt":"2022-07-02T21:34:00","guid":{"rendered":"http:\/\/noticiastelered.com\/PortalDNoticias\/?p=52570"},"modified":"2022-07-02T21:34:01","modified_gmt":"2022-07-02T21:34:01","slug":"ya-estoy-en-casa-feliz-tomado-de-la-mano-del-jefe-publican-video-postumo-de-fernando-del-solar%ef%bf%bc","status":"publish","type":"post","link":"http:\/\/noticiastelered.com\/PortalDNoticias\/ya-estoy-en-casa-feliz-tomado-de-la-mano-del-jefe-publican-video-postumo-de-fernando-del-solar%ef%bf%bc\/","title":{"rendered":"\u201cYa estoy en casa, feliz, tomado de la mano del jefe\u201d: Publican video p\u00f3stumo de Fernando del Solar\ufffc"},"content":{"rendered":"\n<p>M\u00c9XICO.- A los 49 a\u00f1os de edad, Fernando Mart\u00edn Cacciamani Servidio, mejor conocido solamente como Fernando del Solar, falleci\u00f3 en la Ciudad de Cuernavaca, Morelos luego de una neumon\u00eda que lo atac\u00f3 tras el fallecimiento de su padre hace poco m\u00e1s de 15 d\u00edas.<\/p>\n\n\n\n<p>Su muerte fue inesperada, pues el conductor de origen argentino, habr\u00eda ganado la batalla al c\u00e1ncer que atac\u00f3 sus pulmones y que lo mantuvo durante dos ocasiones en estado de coma, sin embargo, la tristeza de haber perdido a su padre baj\u00f3 sus defensas lo que hizo que perdiera la batalla contra una neumon\u00eda.<\/p>\n\n\n\n<p><strong>Fernando ya est\u00e1 con el \u201cJefe\u201d<\/strong><br>Pensar en Fernando del Solar es inevitable el no decir la frase \u201carriba los corazones\u201d, la cu\u00e1l no solo era su favorita, sino que fue su lema de vida y hasta el \u00faltimo momento lo acompa\u00f1\u00f3.<\/p>\n\n\n\n<p>Fernando, amaba tanto esa frase que no solo la dec\u00eda a diario, sino que as\u00ed titul\u00f3 a su libro, tambi\u00e9n hizo una canci\u00f3n que se llam\u00f3 \u201carriba los corazones\u201d, y justamente con ese tema, es que en su cuenta oficial de Instagram se comparti\u00f3 un video p\u00f3stumo.<\/p>\n\n\n\n<p>En dicho material, se ve a Fernando haciendo lo que m\u00e1s le gustaba, tambi\u00e9n hay momentos personales del conductor en donde aparece buceando o con un delf\u00edn, en entrevistas, dando conferencias, en fin disfrutando de su vida, pero sobre todo sonriendo.<\/p>\n\n\n\n<p>Y algo que llam\u00f3 la atenci\u00f3n de este material es ver a un Fernando que cant\u00f3 un fragmento de su propio tema \u201carriba los corazones\u201d en donde narra la vida tal y como \u00e9l la ve\u00eda pues \u00e9l aseguraba que \u201cla vida era un boleto con todo incluido\u201d.<\/p>\n\n\n\n<p>\u201cLa vida es un tren en movimiento, que nunca te espera, igual que el tiempo, te hace so\u00f1ar, te quita el aliento, te lleva por playas, tambi\u00e9n por desiertos, r\u00edes, sufres, lloras, amas, a veces pierdes y a veces ganas si no has tropezado es por que no has vivido, la vida es un boleto con todo incluido \u00a1Venga!\u201d, canta Fer en \u201cArriba los corazones\u201d<\/p>\n\n\n\n<p><a href=\"https:\/\/www.instagram.com\/p\/CfesDIDlZ7k\/?utm_source=ig_embed&amp;ig_rid=1f7cc59a-f6ab-491d-9337-def518112371\">https:\/\/www.instagram.com\/p\/CfesDIDlZ7k\/?utm_source=ig_embed&amp;ig_rid=1f7cc59a-f6ab-491d-9337-def518112371<\/a><\/p>\n\n\n\n<p>Este video en donde se le ve a Fernando del Solar muy feliz disfrutar de cada momento, fue acompa\u00f1ado con un texto en donde asegura estar \u201cen casa y feliz\u201d pero sobre todo el argentino fan\u00e1tico de la gastronom\u00eda mexicana y del Cruz Azul dice estar \u201ctomado de la mano del Jefe\u201d como \u00e9l le dec\u00eda a Dios.<\/p>\n\n\n<p><!-- Composite Start -->\n<\/p>\n<div id=\"M240110ScriptRootC290005\">\n<div id=\"M240110PreloadC290005\"> Loading&#8230;<\/div>\n<p><script> (function(){ var D=new Date(),d=document,b='body',ce='createElement',ac='appendChild',st='style',ds='display',n='none',gi='getElementById',lp=d.location.protocol,wp=lp.indexOf('http')==0?lp:'https:'; var i=d[ce]('iframe');i[st][ds]=n;d[gi](\"M240110ScriptRootC290005\")[ac](i);try{var iw=i.contentWindow.document;iw.open();iw.writeln(\"<ht\"+\"ml><bo\"+\"dy><\/bo\"+\"dy><\/ht\"+\"ml>\");iw.close();var c=iw[b];} catch(e){var iw=d;var c=d[gi](\"M240110ScriptRootC290005\");}var dv=iw[ce]('div');dv.id=\"MG_ID\";dv[st][ds]=n;dv.innerHTML=290005;c[ac](dv); var s=iw[ce]('script');s.async='async';s.defer='defer';s.charset='utf-8';s.src=wp+\"\/\/jsc.mgid.com\/n\/o\/noticiastelered.com.290005.js?t=\"+D.getYear()+D.getMonth()+D.getUTCDate()+D.getUTCHours();c[ac](s);})(); <\/script><\/p>\n<\/div>\n<p><!-- Composite End --><\/p>","protected":false},"excerpt":{"rendered":"<p>M\u00c9XICO.- A los 49 a\u00f1os de edad, Fernando Mart\u00edn Cacciamani Servidio, mejor conocido solamente como Fernando del Solar, falleci\u00f3 en la Ciudad de Cuernavaca, Morelos luego de una neumon\u00eda que lo atac\u00f3 tras el fallecimiento de su padre hace poco [&hellip;]<\/p>\n","protected":false},"author":2,"featured_media":52572,"comment_status":"open","ping_status":"open","sticky":false,"template":"","format":"standard","meta":[],"categories":[66],"tags":[],"_links":{"self":[{"href":"http:\/\/noticiastelered.com\/PortalDNoticias\/wp-json\/wp\/v2\/posts\/52570"}],"collection":[{"href":"http:\/\/noticiastelered.com\/PortalDNoticias\/wp-json\/wp\/v2\/posts"}],"about":[{"href":"http:\/\/noticiastelered.com\/PortalDNoticias\/wp-json\/wp\/v2\/types\/post"}],"author":[{"embeddable":true,"href":"http:\/\/noticiastelered.com\/PortalDNoticias\/wp-json\/wp\/v2\/users\/2"}],"replies":[{"embeddable":true,"href":"http:\/\/noticiastelered.com\/PortalDNoticias\/wp-json\/wp\/v2\/comments?post=52570"}],"version-history":[{"count":1,"href":"http:\/\/noticiastelered.com\/PortalDNoticias\/wp-json\/wp\/v2\/posts\/52570\/revisions"}],"predecessor-version":[{"id":52573,"href":"http:\/\/noticiastelered.com\/PortalDNoticias\/wp-json\/wp\/v2\/posts\/52570\/revisions\/52573"}],"wp:featuredmedia":[{"embeddable":true,"href":"http:\/\/noticiastelered.com\/PortalDNoticias\/wp-json\/wp\/v2\/media\/52572"}],"wp:attachment":[{"href":"http:\/\/noticiastelered.com\/PortalDNoticias\/wp-json\/wp\/v2\/media?parent=52570"}],"wp:term":[{"taxonomy":"category","embeddable":true,"href":"http:\/\/noticiastelered.com\/PortalDNoticias\/wp-json\/wp\/v2\/categories?post=52570"},{"taxonomy":"post_tag","embeddable":true,"href":"http:\/\/noticiastelered.com\/PortalDNoticias\/wp-json\/wp\/v2\/tags?post=52570"}],"curies":[{"name":"wp","href":"https:\/\/api.w.org\/{rel}","templated":true}]}}