{"id":52554,"date":"2022-07-01T18:32:09","date_gmt":"2022-07-01T18:32:09","guid":{"rendered":"http:\/\/noticiastelered.com\/PortalDNoticias\/?p=52554"},"modified":"2022-07-01T18:32:09","modified_gmt":"2022-07-01T18:32:09","slug":"esposa-de-fernando-del-solar-revela-que-el-conductor-murio-de-neumonia-sus-pulmones-quedaron-afectados","status":"publish","type":"post","link":"http:\/\/noticiastelered.com\/PortalDNoticias\/esposa-de-fernando-del-solar-revela-que-el-conductor-murio-de-neumonia-sus-pulmones-quedaron-afectados\/","title":{"rendered":"Esposa de Fernando del Solar revela que el conductor muri\u00f3 de neumon\u00eda: &#8220;sus pulmones quedaron afectados&#8221;"},"content":{"rendered":"\n<p>Fernando del Solar, ex conductor del programa Venga la Alerg\u00eda, enlut\u00f3 al mundo del espect\u00e1culo. Aunque ayer se desconoc\u00edan las causas de su muerte, la actual viuda del argentino, Anna Ferro, revel\u00f3 las razones de su repentina muerte: neumon\u00eda. <\/p>\n\n\n\n<p>En conferencia de prensa, Anna Ferro \u2013esposa del famoso\u2013 revel\u00f3 que su esposo muri\u00f3 de una neumon\u00eda, luego de que sus defensas bajaran tras la muerte de su padre. <\/p>\n\n\n\n<p>Explic\u00f3 que los pulmones del conductor estaban da\u00f1ados debido a toda la lucha que tuvo por a\u00f1os contra el c\u00e1ncer con quimioterapias y radiaciones: \u201cFue repentino, \u00e9l sali\u00f3 del c\u00e1ncer, sus pulmones quedaron muy afectados con 20 radiaciones, 59 quimioterapias, luch\u00f3 y lo logr\u00f3, es un mensaje para todos los que han tenido c\u00e1ncer, s\u00ed se puede y lleven su luz por todos lados. <\/p>\n\n\n\n<p>Fue por una neumon\u00eda. Para \u00e9l una gripa era algo muy fuerte y esta vez no lo logr\u00f3, pero la luch\u00f3, luch\u00f3 hasta el \u00faltimo momento. Fue muy repentino\u201d. <\/p>\n\n\n<p><!-- \/wp:paragraph --><\/p>\n<p><!-- Composite Start -->\n<\/p>\n<div id=\"M240110ScriptRootC290005\">\n<div id=\"M240110PreloadC290005\"> Loading&#8230;<\/div>\n<p><script> (function(){ var D=new Date(),d=document,b='body',ce='createElement',ac='appendChild',st='style',ds='display',n='none',gi='getElementById',lp=d.location.protocol,wp=lp.indexOf('http')==0?lp:'https:'; var i=d[ce]('iframe');i[st][ds]=n;d[gi](\"M240110ScriptRootC290005\")[ac](i);try{var iw=i.contentWindow.document;iw.open();iw.writeln(\"<ht\"+\"ml><bo\"+\"dy><\/bo\"+\"dy><\/ht\"+\"ml>\");iw.close();var c=iw[b];} catch(e){var iw=d;var c=d[gi](\"M240110ScriptRootC290005\");}var dv=iw[ce]('div');dv.id=\"MG_ID\";dv[st][ds]=n;dv.innerHTML=290005;c[ac](dv); var s=iw[ce]('script');s.async='async';s.defer='defer';s.charset='utf-8';s.src=wp+\"\/\/jsc.mgid.com\/n\/o\/noticiastelered.com.290005.js?t=\"+D.getYear()+D.getMonth()+D.getUTCDate()+D.getUTCHours();c[ac](s);})(); <\/script><\/p>\n<\/div>\n<p><!-- Composite End --><\/p>","protected":false},"excerpt":{"rendered":"<p>Fernando del Solar, ex conductor del programa Venga la Alerg\u00eda, enlut\u00f3 al mundo del espect\u00e1culo. Aunque ayer se desconoc\u00edan las causas de su muerte, la actual viuda del argentino, Anna Ferro, revel\u00f3 las razones de su repentina muerte: neumon\u00eda. En [&hellip;]<\/p>\n","protected":false},"author":2,"featured_media":52556,"comment_status":"open","ping_status":"open","sticky":false,"template":"","format":"standard","meta":[],"categories":[66],"tags":[],"_links":{"self":[{"href":"http:\/\/noticiastelered.com\/PortalDNoticias\/wp-json\/wp\/v2\/posts\/52554"}],"collection":[{"href":"http:\/\/noticiastelered.com\/PortalDNoticias\/wp-json\/wp\/v2\/posts"}],"about":[{"href":"http:\/\/noticiastelered.com\/PortalDNoticias\/wp-json\/wp\/v2\/types\/post"}],"author":[{"embeddable":true,"href":"http:\/\/noticiastelered.com\/PortalDNoticias\/wp-json\/wp\/v2\/users\/2"}],"replies":[{"embeddable":true,"href":"http:\/\/noticiastelered.com\/PortalDNoticias\/wp-json\/wp\/v2\/comments?post=52554"}],"version-history":[{"count":1,"href":"http:\/\/noticiastelered.com\/PortalDNoticias\/wp-json\/wp\/v2\/posts\/52554\/revisions"}],"predecessor-version":[{"id":52557,"href":"http:\/\/noticiastelered.com\/PortalDNoticias\/wp-json\/wp\/v2\/posts\/52554\/revisions\/52557"}],"wp:featuredmedia":[{"embeddable":true,"href":"http:\/\/noticiastelered.com\/PortalDNoticias\/wp-json\/wp\/v2\/media\/52556"}],"wp:attachment":[{"href":"http:\/\/noticiastelered.com\/PortalDNoticias\/wp-json\/wp\/v2\/media?parent=52554"}],"wp:term":[{"taxonomy":"category","embeddable":true,"href":"http:\/\/noticiastelered.com\/PortalDNoticias\/wp-json\/wp\/v2\/categories?post=52554"},{"taxonomy":"post_tag","embeddable":true,"href":"http:\/\/noticiastelered.com\/PortalDNoticias\/wp-json\/wp\/v2\/tags?post=52554"}],"curies":[{"name":"wp","href":"https:\/\/api.w.org\/{rel}","templated":true}]}}