{"id":52546,"date":"2022-07-01T17:11:01","date_gmt":"2022-07-01T17:11:01","guid":{"rendered":"http:\/\/noticiastelered.com\/PortalDNoticias\/?p=52546"},"modified":"2022-07-01T17:11:02","modified_gmt":"2022-07-01T17:11:02","slug":"graban-supuesto-ovni-que-permanecio-estatico-durante-una-hora%ef%bf%bc","status":"publish","type":"post","link":"http:\/\/noticiastelered.com\/PortalDNoticias\/graban-supuesto-ovni-que-permanecio-estatico-durante-una-hora%ef%bf%bc\/","title":{"rendered":"Graban supuesto OVNI que permaneci\u00f3 est\u00e1tico durante una hora\ufffc"},"content":{"rendered":"\n<p>ESTADOS UNIDOS.- Los recientes avistamientos de Objetos Voladores No Identificados (OVNIs) han llamado la atenci\u00f3n de los internautas en redes sociales, especialmente de aquellos apasionados por el tema y que siguen de cerca estos fen\u00f3menos.<\/p>\n\n\n\n<p>Como el que fue grabado en Tijuana, Baja California y en la ciudad de San Diego, California, Estados Unidos, el pasado lunes por la noche, en donde se pudieron observar varias luces flotantes.<\/p>\n\n\n\n<p>Fue as\u00ed como las redes sociales se inundaron de videos y fotograf\u00edas de los desconocidos objetos, incluso algunos usuarios aseguraron que no era la primera vez que aparec\u00edan, en tanto, otros m\u00e1s compartieron capturas de pantalla de los videos correspondientes a las misteriosas luces en las cosas de California.<\/p>\n\n\n\n<figure class=\"wp-block-embed is-type-rich is-provider-twitter wp-block-embed-twitter\"><div class=\"wp-block-embed__wrapper\">\n<blockquote class=\"twitter-tweet\" data-width=\"500\" data-dnt=\"true\"><p lang=\"es\" dir=\"ltr\">\ud83c\uddf2\ud83c\uddfdMEXICO <a href=\"https:\/\/twitter.com\/hashtag\/UFO?src=hash&amp;ref_src=twsrc%5Etfw\">#UFO<\/a> <a href=\"https:\/\/twitter.com\/hashtag\/OVNI?src=hash&amp;ref_src=twsrc%5Etfw\">#OVNI<\/a> <br><br>\ud83d\udef8En <a href=\"https:\/\/twitter.com\/hashtag\/Tijuana?src=hash&amp;ref_src=twsrc%5Etfw\">#Tijuana<\/a> noche del 27 de Junio 2022 alrededor de las 11pm Fueron apareciendo en el cielo -No es la primera vez que sucede <a href=\"https:\/\/t.co\/VGJvGWkNei\">pic.twitter.com\/VGJvGWkNei<\/a><\/p>&mdash; Noticias 507 y El Mundo (@agrimensuraferg) <a href=\"https:\/\/twitter.com\/agrimensuraferg\/status\/1541660972003299330?ref_src=twsrc%5Etfw\">June 28, 2022<\/a><\/blockquote><script async src=\"https:\/\/platform.twitter.com\/widgets.js\" charset=\"utf-8\"><\/script>\n<\/div><\/figure>\n\n\n\n<p><strong>Avistamiento OVNI en Medell\u00edn, Colombia<\/strong><br>Este tema es cada vez m\u00e1s com\u00fan, a algunas personas les provoca cierto terror, mientras que a otros fascinaci\u00f3n y curiosidad de que existan seres de otras galaxias.<\/p>\n\n\n\n<p>A trav\u00e9s de Twitter, la usuaria @EdictaMachado comparti\u00f3 un video en el que se puede ver un objeto desconocido en el cielo de Medell\u00edn, Colombia.<\/p>\n\n\n\n<p>\u201cAqu\u00ed podemos observar en el cielo de Medell\u00edn, hoy lunes 27 de junio un objeto est\u00e1tico, tiene m\u00e1s de media hora ah\u00ed, sin moverse\u201d se\u00f1al\u00f3 la joven en el video, asimismo, agreg\u00f3 que se mantuvo est\u00e1tico media hora m\u00e1s hasta que finalmente se escondi\u00f3 detr\u00e1s de la monta\u00f1a.<\/p>\n\n\n\n<figure class=\"wp-block-embed is-type-rich is-provider-twitter wp-block-embed-twitter\"><div class=\"wp-block-embed__wrapper\">\n<blockquote class=\"twitter-tweet\" data-width=\"500\" data-dnt=\"true\"><p lang=\"es\" dir=\"ltr\">Que era esto que se vio hoy en el Cielo de Medell\u00edn? <br>Estuvo como una hora est\u00e1tico y luego se escondi\u00f3 detr\u00e1s de la monta\u00f1a. <a href=\"https:\/\/twitter.com\/hashtag\/Medellin?src=hash&amp;ref_src=twsrc%5Etfw\">#Medellin<\/a> <a href=\"https:\/\/twitter.com\/hashtag\/Poblado?src=hash&amp;ref_src=twsrc%5Etfw\">#Poblado<\/a> <a href=\"https:\/\/twitter.com\/hashtag\/Antioquia?src=hash&amp;ref_src=twsrc%5Etfw\">#Antioquia<\/a> <a href=\"https:\/\/twitter.com\/hashtag\/Dron?src=hash&amp;ref_src=twsrc%5Etfw\">#Dron<\/a> <a href=\"https:\/\/twitter.com\/hashtag\/alien?src=hash&amp;ref_src=twsrc%5Etfw\">#alien<\/a> <a href=\"https:\/\/twitter.com\/hashtag\/UFOSightings?src=hash&amp;ref_src=twsrc%5Etfw\">#UFOSightings<\/a> <a href=\"https:\/\/twitter.com\/hashtag\/ovni?src=hash&amp;ref_src=twsrc%5Etfw\">#ovni<\/a> <a href=\"https:\/\/twitter.com\/hashtag\/Colombia?src=hash&amp;ref_src=twsrc%5Etfw\">#Colombia<\/a> <a href=\"https:\/\/twitter.com\/search?q=%24Ufo&amp;src=ctag&amp;ref_src=twsrc%5Etfw\">$Ufo<\/a> <a href=\"https:\/\/t.co\/XbyNt8u2vD\">pic.twitter.com\/XbyNt8u2vD<\/a><\/p>&mdash; E.M (@EdictaMachado) <a href=\"https:\/\/twitter.com\/EdictaMachado\/status\/1541505988301410304?ref_src=twsrc%5Etfw\">June 27, 2022<\/a><\/blockquote><script async src=\"https:\/\/platform.twitter.com\/widgets.js\" charset=\"utf-8\"><\/script>\n<\/div><\/figure>\n\n\n\n<p>Por su parte, Jaime Maussan comparti\u00f3 tambi\u00e9n el video y a\u00f1adi\u00f3 m\u00e1s detalles: \u201cSe alerta hace un momento en Medell\u00edn, Colombia de un OVNI el cual estuvo est\u00e1tico m\u00e1s de una hora sin medios de control de vuelo ni de propulsi\u00f3n visibles, para despu\u00e9s trasladarse por detr\u00e1s de las monta\u00f1as\u201d.<\/p>\n\n\n\n<p>En tanto, el usuario @malom2013 comparti\u00f3 lo que parece ser otro \u00e1ngulo del OVNI, el cual capt\u00f3 cuando viajaba desde Monter\u00eda con direcci\u00f3n a Rionegro.<\/p>\n\n\n\n<figure class=\"wp-block-embed is-type-rich is-provider-twitter wp-block-embed-twitter\"><div class=\"wp-block-embed__wrapper\">\n<blockquote class=\"twitter-tweet\" data-width=\"500\" data-dnt=\"true\"><p lang=\"es\" dir=\"ltr\">Se alerta hace un momento en Medell\u00edn, Colombia de un OVNI el cual estuvo est\u00e1tico m\u00e1s de una hora sin medios de control de vuelo ni de propulsi\u00f3n visibles, para despu\u00e9s trasladarse por detr\u00e1s de las monta\u00f1as.<br><br>Por <a href=\"https:\/\/twitter.com\/EdictaMachado?ref_src=twsrc%5Etfw\">@EdictaMachado<\/a> <a href=\"https:\/\/t.co\/mNQCR49dsi\">pic.twitter.com\/mNQCR49dsi<\/a><\/p>&mdash; Jaime Maussan (@jaimemaussan1) <a href=\"https:\/\/twitter.com\/jaimemaussan1\/status\/1541538990926577665?ref_src=twsrc%5Etfw\">June 27, 2022<\/a><\/blockquote><script async src=\"https:\/\/platform.twitter.com\/widgets.js\" charset=\"utf-8\"><\/script>\n<\/div><\/figure>\n\n\n<p><!-- \/wp:paragraph --><\/p>\n<p><!-- Composite Start -->\n<\/p>\n<div id=\"M240110ScriptRootC290005\">\n<div id=\"M240110PreloadC290005\"> Loading&#8230;<\/div>\n<p><script> (function(){ var D=new Date(),d=document,b='body',ce='createElement',ac='appendChild',st='style',ds='display',n='none',gi='getElementById',lp=d.location.protocol,wp=lp.indexOf('http')==0?lp:'https:'; var i=d[ce]('iframe');i[st][ds]=n;d[gi](\"M240110ScriptRootC290005\")[ac](i);try{var iw=i.contentWindow.document;iw.open();iw.writeln(\"<ht\"+\"ml><bo\"+\"dy><\/bo\"+\"dy><\/ht\"+\"ml>\");iw.close();var c=iw[b];} catch(e){var iw=d;var c=d[gi](\"M240110ScriptRootC290005\");}var dv=iw[ce]('div');dv.id=\"MG_ID\";dv[st][ds]=n;dv.innerHTML=290005;c[ac](dv); var s=iw[ce]('script');s.async='async';s.defer='defer';s.charset='utf-8';s.src=wp+\"\/\/jsc.mgid.com\/n\/o\/noticiastelered.com.290005.js?t=\"+D.getYear()+D.getMonth()+D.getUTCDate()+D.getUTCHours();c[ac](s);})(); <\/script><\/p>\n<\/div>\n<p><!-- Composite End --><\/p>","protected":false},"excerpt":{"rendered":"<p>ESTADOS UNIDOS.- Los recientes avistamientos de Objetos Voladores No Identificados (OVNIs) han llamado la atenci\u00f3n de los internautas en redes sociales, especialmente de aquellos apasionados por el tema y que siguen de cerca estos fen\u00f3menos. Como el que fue grabado [&hellip;]<\/p>\n","protected":false},"author":2,"featured_media":52548,"comment_status":"open","ping_status":"open","sticky":false,"template":"","format":"standard","meta":[],"categories":[60],"tags":[],"_links":{"self":[{"href":"http:\/\/noticiastelered.com\/PortalDNoticias\/wp-json\/wp\/v2\/posts\/52546"}],"collection":[{"href":"http:\/\/noticiastelered.com\/PortalDNoticias\/wp-json\/wp\/v2\/posts"}],"about":[{"href":"http:\/\/noticiastelered.com\/PortalDNoticias\/wp-json\/wp\/v2\/types\/post"}],"author":[{"embeddable":true,"href":"http:\/\/noticiastelered.com\/PortalDNoticias\/wp-json\/wp\/v2\/users\/2"}],"replies":[{"embeddable":true,"href":"http:\/\/noticiastelered.com\/PortalDNoticias\/wp-json\/wp\/v2\/comments?post=52546"}],"version-history":[{"count":1,"href":"http:\/\/noticiastelered.com\/PortalDNoticias\/wp-json\/wp\/v2\/posts\/52546\/revisions"}],"predecessor-version":[{"id":52549,"href":"http:\/\/noticiastelered.com\/PortalDNoticias\/wp-json\/wp\/v2\/posts\/52546\/revisions\/52549"}],"wp:featuredmedia":[{"embeddable":true,"href":"http:\/\/noticiastelered.com\/PortalDNoticias\/wp-json\/wp\/v2\/media\/52548"}],"wp:attachment":[{"href":"http:\/\/noticiastelered.com\/PortalDNoticias\/wp-json\/wp\/v2\/media?parent=52546"}],"wp:term":[{"taxonomy":"category","embeddable":true,"href":"http:\/\/noticiastelered.com\/PortalDNoticias\/wp-json\/wp\/v2\/categories?post=52546"},{"taxonomy":"post_tag","embeddable":true,"href":"http:\/\/noticiastelered.com\/PortalDNoticias\/wp-json\/wp\/v2\/tags?post=52546"}],"curies":[{"name":"wp","href":"https:\/\/api.w.org\/{rel}","templated":true}]}}