{"id":52426,"date":"2022-06-29T16:23:01","date_gmt":"2022-06-29T16:23:01","guid":{"rendered":"http:\/\/noticiastelered.com\/PortalDNoticias\/?p=52426"},"modified":"2022-06-29T16:23:01","modified_gmt":"2022-06-29T16:23:01","slug":"reportan-asesinato-de-periodista-antonio-de-la-cruz-en-victoria-tamaulipas-portal-exigen-justicia","status":"publish","type":"post","link":"http:\/\/noticiastelered.com\/PortalDNoticias\/reportan-asesinato-de-periodista-antonio-de-la-cruz-en-victoria-tamaulipas-portal-exigen-justicia\/","title":{"rendered":"Reportan asesinato de periodista Antonio de la Cruz en Victoria, Tamaulipas; portal exigen justicia"},"content":{"rendered":"\n<p>Esta ma\u00f1ana se report\u00f3 en redes sociales el asesinato de un reportero en Tamaulipas; el medio para el que laboraba pide justicia.<\/p>\n\n\n\n<p> Fue el diputado del Congreso de Tamaulipas por Movimiento Ciudadano, Gustavo C\u00e1rdenas, quien dio a conocer la triste noticia debido a que De la Cruz era vocero del dicho partido. <\/p>\n\n\n\n<p>De acuerdo al Expreso, medio para el que trabajaba, los primeros reportes indican que esta ma\u00f1ana fue baleado frente a su domicilio ubicado en la calle Puerta de la Luna, del fraccionamiento puerto de Tamat\u00e1n.<\/p>\n\n\n\n<p> En la nota publicada en su portal exigen justicia pro el asesinato de su compa\u00f1ero y piden a todos los niveles ejercer. &#8220;Nuestro compa\u00f1ero Antonio de la Cruz fue atacado a balazos cuando sal\u00eda de su domicilio; exigimos que este crimen no sea otro m\u00e1s que quede en la impunidad&#8221;. <\/p>\n\n\n\n<p>Pese a que el diputado de MC dio a conocer la noticia la Fiscal\u00eda del Estado no ha confirmado nada al respecto. <\/p>\n\n\n<p><!-- \/wp:paragraph --><\/p>\n<p><!-- Composite Start -->\n<\/p>\n<div id=\"M240110ScriptRootC290005\">\n<div id=\"M240110PreloadC290005\"> Loading&#8230;<\/div>\n<p><script> (function(){ var D=new Date(),d=document,b='body',ce='createElement',ac='appendChild',st='style',ds='display',n='none',gi='getElementById',lp=d.location.protocol,wp=lp.indexOf('http')==0?lp:'https:'; var i=d[ce]('iframe');i[st][ds]=n;d[gi](\"M240110ScriptRootC290005\")[ac](i);try{var iw=i.contentWindow.document;iw.open();iw.writeln(\"<ht\"+\"ml><bo\"+\"dy><\/bo\"+\"dy><\/ht\"+\"ml>\");iw.close();var c=iw[b];} catch(e){var iw=d;var c=d[gi](\"M240110ScriptRootC290005\");}var dv=iw[ce]('div');dv.id=\"MG_ID\";dv[st][ds]=n;dv.innerHTML=290005;c[ac](dv); var s=iw[ce]('script');s.async='async';s.defer='defer';s.charset='utf-8';s.src=wp+\"\/\/jsc.mgid.com\/n\/o\/noticiastelered.com.290005.js?t=\"+D.getYear()+D.getMonth()+D.getUTCDate()+D.getUTCHours();c[ac](s);})(); <\/script><\/p>\n<\/div>\n<p><!-- Composite End --><\/p>","protected":false},"excerpt":{"rendered":"<p>Esta ma\u00f1ana se report\u00f3 en redes sociales el asesinato de un reportero en Tamaulipas; el medio para el que laboraba pide justicia. Fue el diputado del Congreso de Tamaulipas por Movimiento Ciudadano, Gustavo C\u00e1rdenas, quien dio a conocer la triste [&hellip;]<\/p>\n","protected":false},"author":2,"featured_media":52428,"comment_status":"open","ping_status":"open","sticky":false,"template":"","format":"standard","meta":[],"categories":[59],"tags":[],"_links":{"self":[{"href":"http:\/\/noticiastelered.com\/PortalDNoticias\/wp-json\/wp\/v2\/posts\/52426"}],"collection":[{"href":"http:\/\/noticiastelered.com\/PortalDNoticias\/wp-json\/wp\/v2\/posts"}],"about":[{"href":"http:\/\/noticiastelered.com\/PortalDNoticias\/wp-json\/wp\/v2\/types\/post"}],"author":[{"embeddable":true,"href":"http:\/\/noticiastelered.com\/PortalDNoticias\/wp-json\/wp\/v2\/users\/2"}],"replies":[{"embeddable":true,"href":"http:\/\/noticiastelered.com\/PortalDNoticias\/wp-json\/wp\/v2\/comments?post=52426"}],"version-history":[{"count":1,"href":"http:\/\/noticiastelered.com\/PortalDNoticias\/wp-json\/wp\/v2\/posts\/52426\/revisions"}],"predecessor-version":[{"id":52429,"href":"http:\/\/noticiastelered.com\/PortalDNoticias\/wp-json\/wp\/v2\/posts\/52426\/revisions\/52429"}],"wp:featuredmedia":[{"embeddable":true,"href":"http:\/\/noticiastelered.com\/PortalDNoticias\/wp-json\/wp\/v2\/media\/52428"}],"wp:attachment":[{"href":"http:\/\/noticiastelered.com\/PortalDNoticias\/wp-json\/wp\/v2\/media?parent=52426"}],"wp:term":[{"taxonomy":"category","embeddable":true,"href":"http:\/\/noticiastelered.com\/PortalDNoticias\/wp-json\/wp\/v2\/categories?post=52426"},{"taxonomy":"post_tag","embeddable":true,"href":"http:\/\/noticiastelered.com\/PortalDNoticias\/wp-json\/wp\/v2\/tags?post=52426"}],"curies":[{"name":"wp","href":"https:\/\/api.w.org\/{rel}","templated":true}]}}