{"id":52401,"date":"2022-06-29T14:45:49","date_gmt":"2022-06-29T14:45:49","guid":{"rendered":"http:\/\/noticiastelered.com\/PortalDNoticias\/?p=52401"},"modified":"2022-06-29T14:45:50","modified_gmt":"2022-06-29T14:45:50","slug":"canelo-alvarez-promete-derrotar-a-golovkin%ef%bf%bc","status":"publish","type":"post","link":"http:\/\/noticiastelered.com\/PortalDNoticias\/canelo-alvarez-promete-derrotar-a-golovkin%ef%bf%bc\/","title":{"rendered":"\u2018Canelo\u2019 \u00c1lvarez promete derrotar a Golovkin\ufffc"},"content":{"rendered":"\n<p>M\u00c9XICO.- Sa\u00fal \u201cCanelo\u201d \u00c1lvarez y Gennady Golovkin dieron una primera rueda de prensa de cara a la pelea que tendr\u00e1n el pr\u00f3ximo 17 de septiembre en Las Vegas. El boxeador mexicano prometi\u00f3 que noquear\u00e1 a Golovkin y que terminar\u00e1 con su carrera.<\/p>\n\n\n\n<p>Este ser\u00e1 el tercer combate entre el \u201cCanelo\u201d y el boxeador kazajo. En la pelea del 2017 se declar\u00f3 un empate, mientras que en su enfrentamiento del 2018 \u00c1lvarez fue declarado vencedor.<\/p>\n\n\n\n<p>Ahora, tras haber sido derrotado por Dmitry Bivol, el boxeador tapat\u00edo asegur\u00f3 que noquear\u00e1 a Gennady Golovkin.<\/p>\n\n\n\n<p>\u201c\u00c9sta ser\u00e1 su \u00faltima pelea. Quiero terminar su carrera, lo har\u00e9, seguro. Lo noquear\u00e9, es la \u00fanica forma en que quiero terminar el combate\u201d, dijo \u00c1lvarez.<\/p>\n\n\n\n<p>El mexicano tambi\u00e9n se\u00f1al\u00f3 que su enemistad con Golovkin es personal, una acusaci\u00f3n que el kazajo ha rechazado.<\/p>\n\n\n\n<p>\u201c\u00c9l pretende ante las c\u00e1maras ser un tipo amable, pero no lo es. No puedo esperar a enfrentarlo, estoy enojado\u201d, dijo.<\/p>\n\n\n\n<p>\u00c1lvarez tambi\u00e9n declar\u00f3 que se siente \u201cm\u00e1s peligroso\u201d tras su derrota ante Bivol y que \u201cse siente en su mejor momento\u201d.<\/p>\n\n\n\n<p>\u201cDespu\u00e9s de la pelea con Bivol soy m\u00e1s peligroso que antes. Yo siempre me siento que soy el mejor boxeador del mundo. Trato de hacer cosas que otros boxeadores no hacen y tienen miedo de hacer, yo bajo y subo de peso para conseguir grandes cosas para mi carrera\u201d, dijo.<\/p>\n\n\n<p><!-- \/wp:paragraph --><\/p>\n<p><!-- Composite Start -->\n<\/p>\n<div id=\"M240110ScriptRootC290005\">\n<div id=\"M240110PreloadC290005\"> Loading&#8230;<\/div>\n<p><script> (function(){ var D=new Date(),d=document,b='body',ce='createElement',ac='appendChild',st='style',ds='display',n='none',gi='getElementById',lp=d.location.protocol,wp=lp.indexOf('http')==0?lp:'https:'; var i=d[ce]('iframe');i[st][ds]=n;d[gi](\"M240110ScriptRootC290005\")[ac](i);try{var iw=i.contentWindow.document;iw.open();iw.writeln(\"<ht\"+\"ml><bo\"+\"dy><\/bo\"+\"dy><\/ht\"+\"ml>\");iw.close();var c=iw[b];} catch(e){var iw=d;var c=d[gi](\"M240110ScriptRootC290005\");}var dv=iw[ce]('div');dv.id=\"MG_ID\";dv[st][ds]=n;dv.innerHTML=290005;c[ac](dv); var s=iw[ce]('script');s.async='async';s.defer='defer';s.charset='utf-8';s.src=wp+\"\/\/jsc.mgid.com\/n\/o\/noticiastelered.com.290005.js?t=\"+D.getYear()+D.getMonth()+D.getUTCDate()+D.getUTCHours();c[ac](s);})(); <\/script><\/p>\n<\/div>\n<p><!-- Composite End --><\/p>","protected":false},"excerpt":{"rendered":"<p>M\u00c9XICO.- Sa\u00fal \u201cCanelo\u201d \u00c1lvarez y Gennady Golovkin dieron una primera rueda de prensa de cara a la pelea que tendr\u00e1n el pr\u00f3ximo 17 de septiembre en Las Vegas. El boxeador mexicano prometi\u00f3 que noquear\u00e1 a Golovkin y que terminar\u00e1 con [&hellip;]<\/p>\n","protected":false},"author":2,"featured_media":52403,"comment_status":"open","ping_status":"open","sticky":false,"template":"","format":"standard","meta":[],"categories":[6],"tags":[],"_links":{"self":[{"href":"http:\/\/noticiastelered.com\/PortalDNoticias\/wp-json\/wp\/v2\/posts\/52401"}],"collection":[{"href":"http:\/\/noticiastelered.com\/PortalDNoticias\/wp-json\/wp\/v2\/posts"}],"about":[{"href":"http:\/\/noticiastelered.com\/PortalDNoticias\/wp-json\/wp\/v2\/types\/post"}],"author":[{"embeddable":true,"href":"http:\/\/noticiastelered.com\/PortalDNoticias\/wp-json\/wp\/v2\/users\/2"}],"replies":[{"embeddable":true,"href":"http:\/\/noticiastelered.com\/PortalDNoticias\/wp-json\/wp\/v2\/comments?post=52401"}],"version-history":[{"count":1,"href":"http:\/\/noticiastelered.com\/PortalDNoticias\/wp-json\/wp\/v2\/posts\/52401\/revisions"}],"predecessor-version":[{"id":52404,"href":"http:\/\/noticiastelered.com\/PortalDNoticias\/wp-json\/wp\/v2\/posts\/52401\/revisions\/52404"}],"wp:featuredmedia":[{"embeddable":true,"href":"http:\/\/noticiastelered.com\/PortalDNoticias\/wp-json\/wp\/v2\/media\/52403"}],"wp:attachment":[{"href":"http:\/\/noticiastelered.com\/PortalDNoticias\/wp-json\/wp\/v2\/media?parent=52401"}],"wp:term":[{"taxonomy":"category","embeddable":true,"href":"http:\/\/noticiastelered.com\/PortalDNoticias\/wp-json\/wp\/v2\/categories?post=52401"},{"taxonomy":"post_tag","embeddable":true,"href":"http:\/\/noticiastelered.com\/PortalDNoticias\/wp-json\/wp\/v2\/tags?post=52401"}],"curies":[{"name":"wp","href":"https:\/\/api.w.org\/{rel}","templated":true}]}}