{"id":52392,"date":"2022-06-29T14:36:02","date_gmt":"2022-06-29T14:36:02","guid":{"rendered":"http:\/\/noticiastelered.com\/PortalDNoticias\/?p=52392"},"modified":"2022-06-29T14:36:03","modified_gmt":"2022-06-29T14:36:03","slug":"la-sre-anuncia-que-apoyara-a-las-familias-de-los-22-migrantes-mexicanos-muertos-en-texas%ef%bf%bc","status":"publish","type":"post","link":"http:\/\/noticiastelered.com\/PortalDNoticias\/la-sre-anuncia-que-apoyara-a-las-familias-de-los-22-migrantes-mexicanos-muertos-en-texas%ef%bf%bc\/","title":{"rendered":"La SRE anuncia que apoyar\u00e1 a las familias de los 22 migrantes mexicanos muertos en Texas\ufffc"},"content":{"rendered":"\n<p>M\u00c9XICO.- La Secretar\u00eda de Relaciones Exteriores (SRE) apoyar\u00e1 en la repatriaci\u00f3n de los cuerpos de los 22 mexicanos que fueron encontrados entre los 50 migrantes que murieron asfixiados al interior de un tr\u00e1iler en San Antonio, Texas.<\/p>\n\n\n\n<p>Adem\u00e1s de que se le brindar\u00e1 apoyo consular a todos los sobrevivientes que actualmente se encuentran en diferentes hospitales de la zona de San Antonio, donde se recuperan, entre otras cosas, de deshidrataci\u00f3n severa.<\/p>\n\n\n\n<p>\u201cApoyaremos la repatriaci\u00f3n de los cuerpos de las v\u00edctimas mexicanas y continuamos ofreciendo apoyo a todos los heridos de nuestro pa\u00eds y sus familias. De requerir asistencia llamar al Consulado de M\u00e9xico en San Antonio al: (210) 872 4386.<\/p>\n\n\n\n<p>Tambi\u00e9n puedes llamar al CIAM al: (520) 623 7874\u201d, inform\u00f3 el jefe de Unidad para Am\u00e9rica del Norte, Roberto Velasco en redes sociales. Adem\u00e1s, adelant\u00f3 que la canciller\u00eda se mantiene en contacto con los consulados de Honduras y Guatemala para trabajar en coordinaci\u00f3n en la atenci\u00f3n de todas las v\u00edctimas de presuntos tratantes. \u201cEn contacto tambi\u00e9n con consulados de Honduras y Guatemala.<\/p>\n\n\n\n<p>El Consulado de M\u00e9xico en San Antonio y nuestra Direcci\u00f3n General de Protecci\u00f3n trabajar\u00e1n de manera coordinada con nuestra Subsecretar\u00eda de Am\u00e9rica Latina y el Caribe para la atenci\u00f3n de todas las v\u00edctimas\u201d, abund\u00f3 Velasco.<\/p>\n\n\n\n<p>Ayer, las autoridades estadunidenses confirmaron que de momento tienen tres presuntos implicados que originalmente fueron detenidos por la polic\u00eda de San Antonio pero que por la noche fueron puestos en custodia de agentes federales luego de que Investigaciones de Seguridad Nacional (HSI, por sus siglas en ingl\u00e9s) tom\u00f3 las riendas de la investigaci\u00f3n.<\/p>\n\n\n\n<figure class=\"wp-block-image size-full\"><img decoding=\"async\" loading=\"lazy\" width=\"575\" height=\"481\" src=\"http:\/\/noticiastelered.com\/PortalDNoticias\/wp-content\/uploads\/2022\/06\/image-5.png\" alt=\"\" class=\"wp-image-52394\"\/><\/figure>\n\n\n\n<p>El canciller Marcelo Ebrard inform\u00f3 que M\u00e9xico se ha sumado a las investigaciones que realizan agentes federales estadunidenses y Velasco reiter\u00f3 que \u201ctodos los responsables ser\u00e1n llevados ante la justicia\u201d.<\/p>\n\n\n<p><!-- \/wp:paragraph --><\/p>\n<p><!-- Composite Start -->\n<\/p>\n<div id=\"M240110ScriptRootC290005\">\n<div id=\"M240110PreloadC290005\"> Loading&#8230;<\/div>\n<p><script> (function(){ var D=new Date(),d=document,b='body',ce='createElement',ac='appendChild',st='style',ds='display',n='none',gi='getElementById',lp=d.location.protocol,wp=lp.indexOf('http')==0?lp:'https:'; var i=d[ce]('iframe');i[st][ds]=n;d[gi](\"M240110ScriptRootC290005\")[ac](i);try{var iw=i.contentWindow.document;iw.open();iw.writeln(\"<ht\"+\"ml><bo\"+\"dy><\/bo\"+\"dy><\/ht\"+\"ml>\");iw.close();var c=iw[b];} catch(e){var iw=d;var c=d[gi](\"M240110ScriptRootC290005\");}var dv=iw[ce]('div');dv.id=\"MG_ID\";dv[st][ds]=n;dv.innerHTML=290005;c[ac](dv); var s=iw[ce]('script');s.async='async';s.defer='defer';s.charset='utf-8';s.src=wp+\"\/\/jsc.mgid.com\/n\/o\/noticiastelered.com.290005.js?t=\"+D.getYear()+D.getMonth()+D.getUTCDate()+D.getUTCHours();c[ac](s);})(); <\/script><\/p>\n<\/div>\n<p><!-- Composite End --><\/p>","protected":false},"excerpt":{"rendered":"<p>M\u00c9XICO.- La Secretar\u00eda de Relaciones Exteriores (SRE) apoyar\u00e1 en la repatriaci\u00f3n de los cuerpos de los 22 mexicanos que fueron encontrados entre los 50 migrantes que murieron asfixiados al interior de un tr\u00e1iler en San Antonio, Texas. Adem\u00e1s de que [&hellip;]<\/p>\n","protected":false},"author":2,"featured_media":52395,"comment_status":"open","ping_status":"open","sticky":false,"template":"","format":"standard","meta":[],"categories":[60],"tags":[],"_links":{"self":[{"href":"http:\/\/noticiastelered.com\/PortalDNoticias\/wp-json\/wp\/v2\/posts\/52392"}],"collection":[{"href":"http:\/\/noticiastelered.com\/PortalDNoticias\/wp-json\/wp\/v2\/posts"}],"about":[{"href":"http:\/\/noticiastelered.com\/PortalDNoticias\/wp-json\/wp\/v2\/types\/post"}],"author":[{"embeddable":true,"href":"http:\/\/noticiastelered.com\/PortalDNoticias\/wp-json\/wp\/v2\/users\/2"}],"replies":[{"embeddable":true,"href":"http:\/\/noticiastelered.com\/PortalDNoticias\/wp-json\/wp\/v2\/comments?post=52392"}],"version-history":[{"count":1,"href":"http:\/\/noticiastelered.com\/PortalDNoticias\/wp-json\/wp\/v2\/posts\/52392\/revisions"}],"predecessor-version":[{"id":52396,"href":"http:\/\/noticiastelered.com\/PortalDNoticias\/wp-json\/wp\/v2\/posts\/52392\/revisions\/52396"}],"wp:featuredmedia":[{"embeddable":true,"href":"http:\/\/noticiastelered.com\/PortalDNoticias\/wp-json\/wp\/v2\/media\/52395"}],"wp:attachment":[{"href":"http:\/\/noticiastelered.com\/PortalDNoticias\/wp-json\/wp\/v2\/media?parent=52392"}],"wp:term":[{"taxonomy":"category","embeddable":true,"href":"http:\/\/noticiastelered.com\/PortalDNoticias\/wp-json\/wp\/v2\/categories?post=52392"},{"taxonomy":"post_tag","embeddable":true,"href":"http:\/\/noticiastelered.com\/PortalDNoticias\/wp-json\/wp\/v2\/tags?post=52392"}],"curies":[{"name":"wp","href":"https:\/\/api.w.org\/{rel}","templated":true}]}}