{"id":52388,"date":"2022-06-29T14:25:11","date_gmt":"2022-06-29T14:25:11","guid":{"rendered":"http:\/\/noticiastelered.com\/PortalDNoticias\/?p=52388"},"modified":"2022-06-29T14:25:11","modified_gmt":"2022-06-29T14:25:11","slug":"por-decreto-no-habra-reprobados-sep%ef%bf%bc","status":"publish","type":"post","link":"http:\/\/noticiastelered.com\/PortalDNoticias\/por-decreto-no-habra-reprobados-sep%ef%bf%bc\/","title":{"rendered":"\u201cPor decreto no habr\u00e1 reprobados\u201d: SEP\ufffc"},"content":{"rendered":"\n<p>M\u00c9XICO.- La Secretaria de Educaci\u00f3n P\u00fablica (SEP), anunci\u00f3 mediante un decret\u00f3 que ning\u00fan alumno de primaria y secundaria podr\u00e1 reprobar este ciclo escolar 2021-2022; es el segundo a\u00f1o que se emite dicha orden.<\/p>\n\n\n\n<p>A trav\u00e9s del Diario Oficial de la Federaci\u00f3n (DOF), la SEP inform\u00f3 que este ciclo escolar que est\u00e1 por concluir 2021-2022, los alumnos de primaria y secundaria no podr\u00e1n reprobar.<\/p>\n\n\n\n<p>De acuerdo a lo establecido por la SEP, la calificaci\u00f3n m\u00ednima que se podr\u00e1 registrar en las boletas de los alumnos de dichos niveles acad\u00e9micos, ser\u00e1 6.<\/p>\n\n\n\n<p>Esto como medida para favorecer la reinserci\u00f3n escolar; el trayecto educativo, y la permanencia de estudiantes en el Sistema Educativo Nacional.<\/p>\n\n\n\n<p>SEP emite decreto; alumnos no podr\u00e1n reprobar<br>La tarde del pasado martes 28 de junio, la SEP anunci\u00f3 mediante el Acuerdo n\u00famero 11\/06\/22 del DOF las acciones espec\u00edficas y extraordinarias para regular el fin del ciclo escolar 2021-2022, as\u00ed como el inicio del 2022-2023.<\/p>\n\n\n\n<p>En dicho acuerdo, se establecen los lineamientos correspondientes a la evaluaci\u00f3n del sistema de educaci\u00f3n b\u00e1sica:<\/p>\n\n\n\n<ul><li>preescolar<\/li><li>primaria<\/li><li>secundaria<\/li><\/ul>\n\n\n\n<p>Los cuales deber\u00e1n ser respetados por escuelas p\u00fablicas y privadas a cargo de la Federaci\u00f3n, Estados y Municipios.<\/p>\n\n\n\n<p><strong>\u00bfQu\u00e9 ordena el decreto de la SEP?<\/strong><br>El decreto de la SEP emite las siguientes recomendaciones y puntos a seguir por padres, tutores y profesores:<\/p>\n\n\n\n<ul><li>Autoridades Educativas locales, autoridades escolares, docentes, padres y tutores deber\u00e1n&nbsp;otorgar todas las facilidades para&nbsp;que los y las estudiantes puedan ser valorados y reincorporados en las escuelas, para&nbsp;contribuir al no abandono escolar.<\/li><li>Se deber\u00e1&nbsp;evaluar&nbsp;a quienes hayan tomado&nbsp;clases a distancia, mixto o de manera presencial.<\/li><li>Para establecer las calificaciones se deber\u00e1n&nbsp;tomar en cuenta: trabajos, tareas, actividades escolares adicionales; as\u00ed como la&nbsp;condici\u00f3n particular&nbsp;en la que se ha desenvuelto&nbsp;cada alumno.<\/li><li>No&nbsp;se tomar\u00e1 en cuenta el&nbsp;criterio del&nbsp;80% de asistencia&nbsp;a los grados de educaci\u00f3n b\u00e1sica para su acreditaci\u00f3n y promoci\u00f3n de grado escolar.<\/li><li>En todos los casos&nbsp;en los que se asiente una&nbsp;calificaci\u00f3n en las boletas&nbsp;de alumnos de primaria y secundaria&nbsp;no podr\u00e1 ser inferior a 6; en caso de los alumnos de 3\u00b0 de secundaria se podr\u00e1n establecer los ex\u00e1menes extraordinarios de materias que adeuden de 1\u00b0 y 2\u00b0 grado durante el tercer periodo de evaluaci\u00f3n.<\/li><\/ul>\n\n\n\n<h2 class=\"wp-block-heading\">SEP prev\u00e9 retomar el periodo extraordinario de recuperaci\u00f3n<\/h2>\n\n\n\n<p>La SEP emiti\u00f3 por segunda ocasi\u00f3n que al inicio del ciclo escolar 2022-2023 se retome un&nbsp;periodo extraordinario de recuperaci\u00f3n.<\/p>\n\n\n\n<p>En este los alumnos podr\u00e1n demostrar los conocimientos obtenidos durante el ciclo previo mediante evaluaciones, proyectos, tareas y trabajos; dicho per\u00edodo culmina al t\u00e9rmino del primer periodo de evaluaci\u00f3n del 2022-2023.<\/p>\n\n\n\n<p>En el caso de los alumnos que tuvieron una comunicaci\u00f3n intermitente o inexistente durante el ciclo escolar 2021-2022, las calificaciones de dicho curso se asientan en la boleta al t\u00e9rmino del periodo extraordinario de recuperaci\u00f3n, con las calificaciones obtenidas en el \u00faltimo.<\/p>\n","protected":false},"excerpt":{"rendered":"<p>M\u00c9XICO.- La Secretaria de Educaci\u00f3n P\u00fablica (SEP), anunci\u00f3 mediante un decret\u00f3 que ning\u00fan alumno de primaria y secundaria podr\u00e1 reprobar este ciclo escolar 2021-2022; es el segundo a\u00f1o que se emite dicha orden. A trav\u00e9s del Diario Oficial de la [&hellip;]<\/p>\n","protected":false},"author":2,"featured_media":52390,"comment_status":"open","ping_status":"open","sticky":false,"template":"","format":"standard","meta":[],"categories":[60],"tags":[],"_links":{"self":[{"href":"http:\/\/noticiastelered.com\/PortalDNoticias\/wp-json\/wp\/v2\/posts\/52388"}],"collection":[{"href":"http:\/\/noticiastelered.com\/PortalDNoticias\/wp-json\/wp\/v2\/posts"}],"about":[{"href":"http:\/\/noticiastelered.com\/PortalDNoticias\/wp-json\/wp\/v2\/types\/post"}],"author":[{"embeddable":true,"href":"http:\/\/noticiastelered.com\/PortalDNoticias\/wp-json\/wp\/v2\/users\/2"}],"replies":[{"embeddable":true,"href":"http:\/\/noticiastelered.com\/PortalDNoticias\/wp-json\/wp\/v2\/comments?post=52388"}],"version-history":[{"count":1,"href":"http:\/\/noticiastelered.com\/PortalDNoticias\/wp-json\/wp\/v2\/posts\/52388\/revisions"}],"predecessor-version":[{"id":52391,"href":"http:\/\/noticiastelered.com\/PortalDNoticias\/wp-json\/wp\/v2\/posts\/52388\/revisions\/52391"}],"wp:featuredmedia":[{"embeddable":true,"href":"http:\/\/noticiastelered.com\/PortalDNoticias\/wp-json\/wp\/v2\/media\/52390"}],"wp:attachment":[{"href":"http:\/\/noticiastelered.com\/PortalDNoticias\/wp-json\/wp\/v2\/media?parent=52388"}],"wp:term":[{"taxonomy":"category","embeddable":true,"href":"http:\/\/noticiastelered.com\/PortalDNoticias\/wp-json\/wp\/v2\/categories?post=52388"},{"taxonomy":"post_tag","embeddable":true,"href":"http:\/\/noticiastelered.com\/PortalDNoticias\/wp-json\/wp\/v2\/tags?post=52388"}],"curies":[{"name":"wp","href":"https:\/\/api.w.org\/{rel}","templated":true}]}}