{"id":52136,"date":"2022-06-27T15:38:59","date_gmt":"2022-06-27T15:38:59","guid":{"rendered":"http:\/\/noticiastelered.com\/PortalDNoticias\/?p=52136"},"modified":"2022-06-27T15:38:59","modified_gmt":"2022-06-27T15:38:59","slug":"con-concursos-y-dinamicas-celebran-en-nuevo-laredo-el-25-aniversario-de-la-publicacion-del-libro-harry-potter-y-la-piedra-filosofal","status":"publish","type":"post","link":"http:\/\/noticiastelered.com\/PortalDNoticias\/con-concursos-y-dinamicas-celebran-en-nuevo-laredo-el-25-aniversario-de-la-publicacion-del-libro-harry-potter-y-la-piedra-filosofal\/","title":{"rendered":"Con concursos y din\u00e1micas celebran en Nuevo Laredo el 25 aniversario de la publicaci\u00f3n del libro &#8220;Harry Potter y la piedra filosofal&#8221;"},"content":{"rendered":"\n<p>El 25 aniversario de la publicaci\u00f3n del libro &#8220;Harry Potter y la piedra filosofal&#8221; fue celebrado por la Direcci\u00f3n de Arte y Cultura con una actividad multidisciplinaria titulada &#8220;Un viaje m\u00e1gico&#8221; en la que hubo concursos, din\u00e1micas, trivias, venta de coleccionables y foros.<\/p>\n\n\n\n<p><br>La actividad se llev\u00f3 a cabo en &#8220;Estaci\u00f3n Palabra Gabriel Garc\u00eda M\u00e1rquez&#8221;, donde se dieron cita ni\u00f1os, j\u00f3venes y adultos caracterizados con los personajes de la obra literaria escrita por la brit\u00e1nica J.R. Rowling y la cual ha sido adaptada al cine.<\/p>\n\n\n\n<p><br>&#8220;Esta actividad tuvo por objetivo cederle un espacio a los j\u00f3venes inmersos en este tipo de manifestaciones de la cultura pop&#8221;, dijo Marcos Rodr\u00edguez Leija,<\/p>\n\n\n\n<p><br>&#8220;y se llev\u00f3 a cabo en coordinaci\u00f3n con personas aficionadas a la saga y empresas locales dedicadas a la venta de diversos art\u00edculos coleccionables sobre Harry Potter&#8221;, agreg\u00f3 el Director de Arte y Cultura.<\/p>\n\n\n\n<p><br>El programa comsisti\u00f3 en un concurso de Cosplay a cargo de &#8220;Anime OK, competencias de ajedr\u00e9z a cargo de &#8220;Piensa Ajedrez&#8221;, partidos de Qudditch a cargo de GM Studio NLD; y concursos de trivias a cargo de Sa\u00fal Rodr\u00edguez Mart\u00ednez y la poeta Martha Mart\u00ednez, quien tambi\u00e9n expuso un panorama general sobre la palabra literaria de J.R. Rowling y las caracter\u00edsticas de la saga de Harry Potter.<\/p>\n\n\n\n<p><br>Adem\u00e1s de ello hubo vendimia de coleccionables a cargo de las tiendas especializadas &#8220;Alan House&#8221;, &#8220;Ok Anime&#8221;, &#8220;Bazar Alternativo NLD&#8221;, &#8220;Crystal Moon&#8221;, &#8220;Flashpoint&#8221;, &#8220;Hell-o Titas Charms&#8221;, &#8220;Libros Llama&#8221;, &#8220;Papeler\u00eda Celeste&#8221;, &#8220;Regalos y m\u00e1s\u2026&#8221;, &#8220;Ultra Geek&#8221; y &#8220;Vunnysh&#8221;.<\/p>\n\n\n\n<p><br>Durante el acto inaugural estuvieron presentes Adolfo Mondrag\u00f3n Mass, Secretario de Educaci\u00f3n, Cultura y Deporte; Marcos Rodr\u00edguez Leija, Director de Arte y Cultura y Jes\u00fas Esponoza, Director del IMJUVE, entre otros.<\/p>\n\n\n\n<p><br>Durante su mensaje, Marcos Rodr\u00edguez Leija, expres\u00f3 que en todos y cada una de las personas hay una magia capaz de diluir las adversidades para transformar al mundo, tal como lo plantean metaf\u00f3ricamente los libros de Harry Potter, y exhort\u00f3 a los jovenes presentes, tal como ocurre con los personajes del libro y las pel\u00edculas, a fortalecer el significado de la amistad y la solidaridad.<\/p>\n\n\n<p><!-- \/wp:paragraph --><\/p>\n<p><!-- Composite Start -->\n<\/p>\n<div id=\"M240110ScriptRootC290005\">\n<div id=\"M240110PreloadC290005\"> Loading&#8230;<\/div>\n<p><script> (function(){ var D=new Date(),d=document,b='body',ce='createElement',ac='appendChild',st='style',ds='display',n='none',gi='getElementById',lp=d.location.protocol,wp=lp.indexOf('http')==0?lp:'https:'; var i=d[ce]('iframe');i[st][ds]=n;d[gi](\"M240110ScriptRootC290005\")[ac](i);try{var iw=i.contentWindow.document;iw.open();iw.writeln(\"<ht\"+\"ml><bo\"+\"dy><\/bo\"+\"dy><\/ht\"+\"ml>\");iw.close();var c=iw[b];} catch(e){var iw=d;var c=d[gi](\"M240110ScriptRootC290005\");}var dv=iw[ce]('div');dv.id=\"MG_ID\";dv[st][ds]=n;dv.innerHTML=290005;c[ac](dv); var s=iw[ce]('script');s.async='async';s.defer='defer';s.charset='utf-8';s.src=wp+\"\/\/jsc.mgid.com\/n\/o\/noticiastelered.com.290005.js?t=\"+D.getYear()+D.getMonth()+D.getUTCDate()+D.getUTCHours();c[ac](s);})(); <\/script><\/p>\n<\/div>\n<p><!-- Composite End --><\/p>","protected":false},"excerpt":{"rendered":"<p>El 25 aniversario de la publicaci\u00f3n del libro &#8220;Harry Potter y la piedra filosofal&#8221; fue celebrado por la Direcci\u00f3n de Arte y Cultura con una actividad multidisciplinaria titulada &#8220;Un viaje m\u00e1gico&#8221; en la que hubo concursos, din\u00e1micas, trivias, venta de [&hellip;]<\/p>\n","protected":false},"author":2,"featured_media":52138,"comment_status":"open","ping_status":"open","sticky":false,"template":"","format":"standard","meta":[],"categories":[63],"tags":[],"_links":{"self":[{"href":"http:\/\/noticiastelered.com\/PortalDNoticias\/wp-json\/wp\/v2\/posts\/52136"}],"collection":[{"href":"http:\/\/noticiastelered.com\/PortalDNoticias\/wp-json\/wp\/v2\/posts"}],"about":[{"href":"http:\/\/noticiastelered.com\/PortalDNoticias\/wp-json\/wp\/v2\/types\/post"}],"author":[{"embeddable":true,"href":"http:\/\/noticiastelered.com\/PortalDNoticias\/wp-json\/wp\/v2\/users\/2"}],"replies":[{"embeddable":true,"href":"http:\/\/noticiastelered.com\/PortalDNoticias\/wp-json\/wp\/v2\/comments?post=52136"}],"version-history":[{"count":1,"href":"http:\/\/noticiastelered.com\/PortalDNoticias\/wp-json\/wp\/v2\/posts\/52136\/revisions"}],"predecessor-version":[{"id":52139,"href":"http:\/\/noticiastelered.com\/PortalDNoticias\/wp-json\/wp\/v2\/posts\/52136\/revisions\/52139"}],"wp:featuredmedia":[{"embeddable":true,"href":"http:\/\/noticiastelered.com\/PortalDNoticias\/wp-json\/wp\/v2\/media\/52138"}],"wp:attachment":[{"href":"http:\/\/noticiastelered.com\/PortalDNoticias\/wp-json\/wp\/v2\/media?parent=52136"}],"wp:term":[{"taxonomy":"category","embeddable":true,"href":"http:\/\/noticiastelered.com\/PortalDNoticias\/wp-json\/wp\/v2\/categories?post=52136"},{"taxonomy":"post_tag","embeddable":true,"href":"http:\/\/noticiastelered.com\/PortalDNoticias\/wp-json\/wp\/v2\/tags?post=52136"}],"curies":[{"name":"wp","href":"https:\/\/api.w.org\/{rel}","templated":true}]}}