{"id":52041,"date":"2022-06-26T21:02:58","date_gmt":"2022-06-26T21:02:58","guid":{"rendered":"http:\/\/noticiastelered.com\/PortalDNoticias\/?p=52041"},"modified":"2022-06-26T21:02:58","modified_gmt":"2022-06-26T21:02:58","slug":"nada-mas-se-mete-con-las-mujeres-charly-reta-a-alfredo-adame-a-una-pelea%ef%bf%bc","status":"publish","type":"post","link":"http:\/\/noticiastelered.com\/PortalDNoticias\/nada-mas-se-mete-con-las-mujeres-charly-reta-a-alfredo-adame-a-una-pelea%ef%bf%bc\/","title":{"rendered":"\u201cNada m\u00e1s se mete con las mujeres\u201d: Charly reta a Alfredo Adame a una pelea\ufffc"},"content":{"rendered":"\n<p>M\u00c9XICO.- El famoso cantante y conductor de televisi\u00f3n, Charly L\u00f3pez, recientemente ret\u00f3 a una pelea al actor Alfredo Adame, pues se dijo harto y cansado de que este insulte y trate mal a las mujeres.<\/p>\n\n\n\n<p>Este comentario sali\u00f3 a la luz durante la emisi\u00f3n del pasado viernes del programa \u201cDe primera mano\u201d, pues Adame se\u00f1al\u00f3 que no le pagar\u00e1 a la actriz Diana Golden, luego del tambi\u00e9n conductor de TV perdi\u00f3 un juicio por difamaci\u00f3n.<\/p>\n\n\n\n<p>Charly se\u00f1al\u00f3 que Adame es un pat\u00e1n y poco hombre porque \u201cnada m\u00e1s se mete con las mujeres\u201d, pero nunca lo hace, no con un hombre que le pueda responder.<\/p>\n\n\n\n<p>\u201c Cuando estaba en otra televisora, le dije que si quer\u00eda de verdad pelear con un hombre, el se sab\u00eda mi tel\u00e9fono\u201d, coment\u00f3 el ex integrante del grupo Garibaldi.<\/p>\n\n\n\n<p>Le propone un pelea sin contrato y sin p\u00fablico<br>Durante el programa, Charly coment\u00f3 que no tiene nada personal contra Adame, sin embargo, le molesta mucho con es que este se expresa de su exesposa, de sus hijos, y de las mujeres en general.<\/p>\n\n\n\n<p>Ante esto, Charly lo ret\u00f3 a una pelea cuando \u00e9l quiera y sin p\u00fablico, pues para ello no necesita un contrato ni patrocinio, es decir algo como en la escuela, y que se termine cuando el diga \u2018ah\u00ed muere\u2019 o Charly diga \u2018ah\u00ed muere\u2019.<\/p>\n\n\n\n<figure class=\"wp-block-embed is-type-video is-provider-youtube wp-block-embed-youtube wp-embed-aspect-16-9 wp-has-aspect-ratio\"><div class=\"wp-block-embed__wrapper\">\n<iframe loading=\"lazy\" title=\"Diana Golden opina de la demanda que tiene Alfredo Adame\" width=\"500\" height=\"281\" src=\"https:\/\/www.youtube.com\/embed\/PlUu2G00lQI?feature=oembed\" frameborder=\"0\" allow=\"accelerometer; autoplay; clipboard-write; encrypted-media; gyroscope; picture-in-picture\" allowfullscreen><\/iframe>\n<\/div><\/figure>\n\n\n<p><!-- Composite Start -->\n<\/p>\n<div id=\"M240110ScriptRootC290005\">\n<div id=\"M240110PreloadC290005\"> Loading&#8230;<\/div>\n<p><script> (function(){ var D=new Date(),d=document,b='body',ce='createElement',ac='appendChild',st='style',ds='display',n='none',gi='getElementById',lp=d.location.protocol,wp=lp.indexOf('http')==0?lp:'https:'; var i=d[ce]('iframe');i[st][ds]=n;d[gi](\"M240110ScriptRootC290005\")[ac](i);try{var iw=i.contentWindow.document;iw.open();iw.writeln(\"<ht\"+\"ml><bo\"+\"dy><\/bo\"+\"dy><\/ht\"+\"ml>\");iw.close();var c=iw[b];} catch(e){var iw=d;var c=d[gi](\"M240110ScriptRootC290005\");}var dv=iw[ce]('div');dv.id=\"MG_ID\";dv[st][ds]=n;dv.innerHTML=290005;c[ac](dv); var s=iw[ce]('script');s.async='async';s.defer='defer';s.charset='utf-8';s.src=wp+\"\/\/jsc.mgid.com\/n\/o\/noticiastelered.com.290005.js?t=\"+D.getYear()+D.getMonth()+D.getUTCDate()+D.getUTCHours();c[ac](s);})(); <\/script><\/p>\n<\/div>\n<p><!-- Composite End --><\/p>","protected":false},"excerpt":{"rendered":"<p>M\u00c9XICO.- El famoso cantante y conductor de televisi\u00f3n, Charly L\u00f3pez, recientemente ret\u00f3 a una pelea al actor Alfredo Adame, pues se dijo harto y cansado de que este insulte y trate mal a las mujeres. Este comentario sali\u00f3 a la [&hellip;]<\/p>\n","protected":false},"author":2,"featured_media":52043,"comment_status":"open","ping_status":"open","sticky":false,"template":"","format":"standard","meta":[],"categories":[66],"tags":[],"_links":{"self":[{"href":"http:\/\/noticiastelered.com\/PortalDNoticias\/wp-json\/wp\/v2\/posts\/52041"}],"collection":[{"href":"http:\/\/noticiastelered.com\/PortalDNoticias\/wp-json\/wp\/v2\/posts"}],"about":[{"href":"http:\/\/noticiastelered.com\/PortalDNoticias\/wp-json\/wp\/v2\/types\/post"}],"author":[{"embeddable":true,"href":"http:\/\/noticiastelered.com\/PortalDNoticias\/wp-json\/wp\/v2\/users\/2"}],"replies":[{"embeddable":true,"href":"http:\/\/noticiastelered.com\/PortalDNoticias\/wp-json\/wp\/v2\/comments?post=52041"}],"version-history":[{"count":1,"href":"http:\/\/noticiastelered.com\/PortalDNoticias\/wp-json\/wp\/v2\/posts\/52041\/revisions"}],"predecessor-version":[{"id":52044,"href":"http:\/\/noticiastelered.com\/PortalDNoticias\/wp-json\/wp\/v2\/posts\/52041\/revisions\/52044"}],"wp:featuredmedia":[{"embeddable":true,"href":"http:\/\/noticiastelered.com\/PortalDNoticias\/wp-json\/wp\/v2\/media\/52043"}],"wp:attachment":[{"href":"http:\/\/noticiastelered.com\/PortalDNoticias\/wp-json\/wp\/v2\/media?parent=52041"}],"wp:term":[{"taxonomy":"category","embeddable":true,"href":"http:\/\/noticiastelered.com\/PortalDNoticias\/wp-json\/wp\/v2\/categories?post=52041"},{"taxonomy":"post_tag","embeddable":true,"href":"http:\/\/noticiastelered.com\/PortalDNoticias\/wp-json\/wp\/v2\/tags?post=52041"}],"curies":[{"name":"wp","href":"https:\/\/api.w.org\/{rel}","templated":true}]}}