{"id":52026,"date":"2022-06-26T20:55:40","date_gmt":"2022-06-26T20:55:40","guid":{"rendered":"http:\/\/noticiastelered.com\/PortalDNoticias\/?p=52026"},"modified":"2022-06-26T20:55:41","modified_gmt":"2022-06-26T20:55:41","slug":"deseo-que-lleguen-los-carros-electricos-y-que-ya-no-se-use-el-petroleo-amlo%ef%bf%bc","status":"publish","type":"post","link":"http:\/\/noticiastelered.com\/PortalDNoticias\/deseo-que-lleguen-los-carros-electricos-y-que-ya-no-se-use-el-petroleo-amlo%ef%bf%bc\/","title":{"rendered":"Deseo que lleguen los carros el\u00e9ctricos y que ya no se use el petr\u00f3leo: AMLO\ufffc"},"content":{"rendered":"\n<p>Acapulco, Guerrero.- El presidente Andr\u00e9s Manuel L\u00f3pez Obrador dijo que su gobierno le atin\u00f3 al apostar por comprar, construir y rehabilitar refiner\u00edas de petr\u00f3leo, pues dijo que as\u00ed se est\u00e1 evitando a que haya mayor inflaci\u00f3n; sin embargo, destac\u00f3 que su \u201cdeseo\u201d es que, por razones de salud p\u00fablica, se deje de utilizar el petr\u00f3leo.<\/p>\n\n\n\n<p>\u201cYo deseo que lleguen los carros el\u00e9ctricos y que ya no se use el petr\u00f3leo, porque eso va a ser bueno para la salud, pero eso lleva tiempo\u201d, dijo desde Guerrero, al inaugurar la primera etapa del Libramiento Poniente de Acapulco.<\/p>\n\n\n\n<p>Frente a la inflaci\u00f3n mundial, el presidente de la Rep\u00fablica dijo que en M\u00e9xico es menor el impacto en el alza de los precios de combustibles, de 0.6 por ciento, a diferencia de pa\u00edses como Estados Unidos, de dos por ciento, gracias a que su gobierno actu\u00f3 con tiempo.<\/p>\n\n\n\n<figure class=\"wp-block-image\"><img decoding=\"async\" src=\"https:\/\/expreso.press\/wp-content\/uploads\/2022\/06\/f768x1-533321_533448_5050-281x187.jpg\" alt=\"\" class=\"wp-image-623746\"\/><\/figure>\n\n\n\n<p>Expuso que, \u201cde manera precavida, en el sector energ\u00e9tico\u201d han invertido del 2019 a la fecha m\u00e1s de 34 mil millones de pesos en rehabilitar seis refiner\u00edas, comprar la de Deer Park en Texas y construir la de Dos Bocas, que ser\u00e1 inaugurada parcialmente el pr\u00f3ximo 1 de julio.<\/p>\n\n\n\n<p>\u201cEn el caso de los combustibles se pens\u00f3, \u2018ya vienen las bater\u00edas, ya para que el petr\u00f3leo\u2019, y nosotros ah\u00ed le atinamos porque dijimos \u2018no, va a tardar\u2019. Y se invirti\u00f3 en las refiner\u00edas\u201d, resalt\u00f3.<\/p>\n\n\n\n<p>Resalt\u00f3 que hoy las refiner\u00edas ya producen el doble de lo que registraban en 2018, al inicio de su gobierno, y que gracias eso no impacta con fuerza la inflaci\u00f3n en combustibles. Refrend\u00f3 su promesa de no subir el precio de las gasolinas.<\/p>\n\n\n\n<p>Sin embargo, resalt\u00f3 que la inflaci\u00f3n si ha afectado a M\u00e9xico en alimentos \u201cporque ah\u00ed s\u00ed somos deficitarios y tenemos que producir alimentos\u201d.<\/p>\n\n\n\n<p>\u201cTenemos que regresar al campo, producir lo que consumimos, esa es la f\u00f3rmula como lo hicimos con energ\u00e9ticos lo tenemos que hacer con alimentos, producir en M\u00e9xico todo lo que consumimos porque eso nos ayuda a ser un pa\u00eds libre, independiente, soberano\u201d, expuso.<\/p>\n\n\n<p><!-- Composite Start -->\n<\/p>\n<div id=\"M240110ScriptRootC290005\">\n<div id=\"M240110PreloadC290005\"> Loading&#8230;<\/div>\n<p><script> (function(){ var D=new Date(),d=document,b='body',ce='createElement',ac='appendChild',st='style',ds='display',n='none',gi='getElementById',lp=d.location.protocol,wp=lp.indexOf('http')==0?lp:'https:'; var i=d[ce]('iframe');i[st][ds]=n;d[gi](\"M240110ScriptRootC290005\")[ac](i);try{var iw=i.contentWindow.document;iw.open();iw.writeln(\"<ht\"+\"ml><bo\"+\"dy><\/bo\"+\"dy><\/ht\"+\"ml>\");iw.close();var c=iw[b];} catch(e){var iw=d;var c=d[gi](\"M240110ScriptRootC290005\");}var dv=iw[ce]('div');dv.id=\"MG_ID\";dv[st][ds]=n;dv.innerHTML=290005;c[ac](dv); var s=iw[ce]('script');s.async='async';s.defer='defer';s.charset='utf-8';s.src=wp+\"\/\/jsc.mgid.com\/n\/o\/noticiastelered.com.290005.js?t=\"+D.getYear()+D.getMonth()+D.getUTCDate()+D.getUTCHours();c[ac](s);})(); <\/script><\/p>\n<\/div>\n<p><!-- Composite End --><\/p>","protected":false},"excerpt":{"rendered":"<p>Acapulco, Guerrero.- El presidente Andr\u00e9s Manuel L\u00f3pez Obrador dijo que su gobierno le atin\u00f3 al apostar por comprar, construir y rehabilitar refiner\u00edas de petr\u00f3leo, pues dijo que as\u00ed se est\u00e1 evitando a que haya mayor inflaci\u00f3n; sin embargo, destac\u00f3 que [&hellip;]<\/p>\n","protected":false},"author":2,"featured_media":52028,"comment_status":"open","ping_status":"open","sticky":false,"template":"","format":"standard","meta":[],"categories":[60],"tags":[],"_links":{"self":[{"href":"http:\/\/noticiastelered.com\/PortalDNoticias\/wp-json\/wp\/v2\/posts\/52026"}],"collection":[{"href":"http:\/\/noticiastelered.com\/PortalDNoticias\/wp-json\/wp\/v2\/posts"}],"about":[{"href":"http:\/\/noticiastelered.com\/PortalDNoticias\/wp-json\/wp\/v2\/types\/post"}],"author":[{"embeddable":true,"href":"http:\/\/noticiastelered.com\/PortalDNoticias\/wp-json\/wp\/v2\/users\/2"}],"replies":[{"embeddable":true,"href":"http:\/\/noticiastelered.com\/PortalDNoticias\/wp-json\/wp\/v2\/comments?post=52026"}],"version-history":[{"count":1,"href":"http:\/\/noticiastelered.com\/PortalDNoticias\/wp-json\/wp\/v2\/posts\/52026\/revisions"}],"predecessor-version":[{"id":52029,"href":"http:\/\/noticiastelered.com\/PortalDNoticias\/wp-json\/wp\/v2\/posts\/52026\/revisions\/52029"}],"wp:featuredmedia":[{"embeddable":true,"href":"http:\/\/noticiastelered.com\/PortalDNoticias\/wp-json\/wp\/v2\/media\/52028"}],"wp:attachment":[{"href":"http:\/\/noticiastelered.com\/PortalDNoticias\/wp-json\/wp\/v2\/media?parent=52026"}],"wp:term":[{"taxonomy":"category","embeddable":true,"href":"http:\/\/noticiastelered.com\/PortalDNoticias\/wp-json\/wp\/v2\/categories?post=52026"},{"taxonomy":"post_tag","embeddable":true,"href":"http:\/\/noticiastelered.com\/PortalDNoticias\/wp-json\/wp\/v2\/tags?post=52026"}],"curies":[{"name":"wp","href":"https:\/\/api.w.org\/{rel}","templated":true}]}}