{"id":5168,"date":"2020-06-03T17:47:17","date_gmt":"2020-06-03T17:47:17","guid":{"rendered":"http:\/\/noticiastelered.com\/PortalDNoticias\/?p=5168"},"modified":"2020-06-03T17:47:20","modified_gmt":"2020-06-03T17:47:20","slug":"suspenden-areas-deportivas-en-laredo","status":"publish","type":"post","link":"http:\/\/noticiastelered.com\/PortalDNoticias\/suspenden-areas-deportivas-en-laredo\/","title":{"rendered":"Suspenden \u00e1reas deportivas en Laredo"},"content":{"rendered":"<p>Redacci\u00f3n<br \/>\nNoticias Telered<\/p>\n<p>LAREDO TEXAS.-La ciudad de Laredo inform\u00f3  que debido a los altos contagios de la pandemia del COVID-19, el Departamento de Parques y Recreaci\u00f3n no permitir\u00e1 que ninguna liga deportiva organizada podr\u00e1 utilizar los campos de los parques municipales, por lo menos durante los pr\u00f3ximos 3 meses.<\/p>\n<p>Esta medida preventiva, suspende as\u00ed cualquier actividad al aire libre por parte de las ligas de diferentes equipos deportivos en la localidad hasta el 30 de septiembre, a fin de proteger y salvaguardar la salud y la seguridad de todos los ciudadanos.<\/p>\n<p>Se recuerda a la comunidad que hasta hoy, s\u00f3lo se permite a los grupos no organizados de cuatro personas o menos utilizar los campos, siempre y cuando practiquen el distanciamiento social, sin deportes de contacto f\u00edsico ni grupal.<\/p>\n<p><!-- Composite Start --><\/p>\n<div id=\"M240110ScriptRootC290005\">\n<div id=\"M240110PreloadC290005\"> Loading&#8230;<\/div>\n<p><script> (function(){ var D=new Date(),d=document,b='body',ce='createElement',ac='appendChild',st='style',ds='display',n='none',gi='getElementById',lp=d.location.protocol,wp=lp.indexOf('http')==0?lp:'https:'; var i=d[ce]('iframe');i[st][ds]=n;d[gi](\"M240110ScriptRootC290005\")[ac](i);try{var iw=i.contentWindow.document;iw.open();iw.writeln(\"<ht\"+\"ml><bo\"+\"dy><\/bo\"+\"dy><\/ht\"+\"ml>\");iw.close();var c=iw[b];} catch(e){var iw=d;var c=d[gi](\"M240110ScriptRootC290005\");}var dv=iw[ce]('div');dv.id=\"MG_ID\";dv[st][ds]=n;dv.innerHTML=290005;c[ac](dv); var s=iw[ce]('script');s.async='async';s.defer='defer';s.charset='utf-8';s.src=wp+\"\/\/jsc.mgid.com\/n\/o\/noticiastelered.com.290005.js?t=\"+D.getYear()+D.getMonth()+D.getUTCDate()+D.getUTCHours();c[ac](s);})(); <\/script><\/p>\n<\/div>\n<p><!-- Composite End --><\/p>\n","protected":false},"excerpt":{"rendered":"<p>Redacci\u00f3n Noticias Telered LAREDO TEXAS.-La ciudad de Laredo inform\u00f3 que debido a los altos contagios de la pandemia del COVID-19, el Departamento de Parques y Recreaci\u00f3n no permitir\u00e1 que ninguna liga deportiva organizada podr\u00e1 utilizar los campos de los parques [&hellip;]<\/p>\n","protected":false},"author":3,"featured_media":5170,"comment_status":"open","ping_status":"open","sticky":false,"template":"","format":"standard","meta":[],"categories":[64,71],"tags":[],"_links":{"self":[{"href":"http:\/\/noticiastelered.com\/PortalDNoticias\/wp-json\/wp\/v2\/posts\/5168"}],"collection":[{"href":"http:\/\/noticiastelered.com\/PortalDNoticias\/wp-json\/wp\/v2\/posts"}],"about":[{"href":"http:\/\/noticiastelered.com\/PortalDNoticias\/wp-json\/wp\/v2\/types\/post"}],"author":[{"embeddable":true,"href":"http:\/\/noticiastelered.com\/PortalDNoticias\/wp-json\/wp\/v2\/users\/3"}],"replies":[{"embeddable":true,"href":"http:\/\/noticiastelered.com\/PortalDNoticias\/wp-json\/wp\/v2\/comments?post=5168"}],"version-history":[{"count":1,"href":"http:\/\/noticiastelered.com\/PortalDNoticias\/wp-json\/wp\/v2\/posts\/5168\/revisions"}],"predecessor-version":[{"id":5171,"href":"http:\/\/noticiastelered.com\/PortalDNoticias\/wp-json\/wp\/v2\/posts\/5168\/revisions\/5171"}],"wp:featuredmedia":[{"embeddable":true,"href":"http:\/\/noticiastelered.com\/PortalDNoticias\/wp-json\/wp\/v2\/media\/5170"}],"wp:attachment":[{"href":"http:\/\/noticiastelered.com\/PortalDNoticias\/wp-json\/wp\/v2\/media?parent=5168"}],"wp:term":[{"taxonomy":"category","embeddable":true,"href":"http:\/\/noticiastelered.com\/PortalDNoticias\/wp-json\/wp\/v2\/categories?post=5168"},{"taxonomy":"post_tag","embeddable":true,"href":"http:\/\/noticiastelered.com\/PortalDNoticias\/wp-json\/wp\/v2\/tags?post=5168"}],"curies":[{"name":"wp","href":"https:\/\/api.w.org\/{rel}","templated":true}]}}