{"id":51595,"date":"2022-06-21T15:18:36","date_gmt":"2022-06-21T15:18:36","guid":{"rendered":"http:\/\/noticiastelered.com\/PortalDNoticias\/?p=51595"},"modified":"2022-06-21T15:18:37","modified_gmt":"2022-06-21T15:18:37","slug":"rinde-uat-homenaje-postumo-al-dr-manuel-ceballos","status":"publish","type":"post","link":"http:\/\/noticiastelered.com\/PortalDNoticias\/rinde-uat-homenaje-postumo-al-dr-manuel-ceballos\/","title":{"rendered":"Rinde UAT homenaje p\u00f3stumo al Dr. Manuel Ceballos"},"content":{"rendered":"\n<p>La Universidad Aut\u00f3noma de Tamaulipas (UAT), por medio del Instituto de Investigaciones Hist\u00f3ricas (IIH), rindi\u00f3 un homenaje p\u00f3stumo al Dr. Manuel Ceballos Ram\u00edrez, reconocido investigador, acad\u00e9mico, historiador y cronista tamaulipeco.<\/p>\n\n\n\n<p><br>Como parte de este homenaje, que tuvo como marco el Primer Encuentro de Historia de Tamaulipas celebrado en esta capital, el C. P. Guillermo Mendoza Cavazos, Rector de la UAT, hizo un reconocimiento a la memoria del Dr. Manuel Ceballos Ram\u00edrez, tras leer una semblanza en la que se realz\u00f3 la trayectoria del<br>destacado acad\u00e9mico y cronista de Nuevo Laredo.<\/p>\n\n\n\n<p><br>\u201cQuiero extender a todos los participantes de tan solemne acto, mi reconocimiento por sus reflexiones sobre la vida y obra de tan distinguido universitario\u201d, dijo el Rector.<\/p>\n\n\n\n<p><br>Durante la ceremonia efectuada en el auditorio del Centro de Excelencia del Campus Victoria, el Dr. Octavio Herrara P\u00e9rez, Director del Instituto de Investigaciones Hist\u00f3ricas de la UAT, fungi\u00f3 como moderador del homenaje, el cual cont\u00f3 con la presencia de amistades, conocidos y simpatizantes del investigador.<\/p>\n\n\n\n<p><br>Como parte del programa participaron: el Dr. Javier Garciadiego Dant\u00e1n, presidente de la Academia Mexicana de la Historia; el Dr. C\u00e9sar Morado, titular del Centro de Estudios Human\u00edsticos de la Universidad Aut\u00f3noma de Nuevo Le\u00f3n y corresponsal de la academia en dicho estado; la Dra. Aracely Almaraz, de El Colegio de la Frontera Norte; y la Mtra. Ana Laura Ceballos, hija del Dr. Manuel Ceballos Ram\u00edrez.<\/p>\n\n\n\n<p><br>Originario de Nuevo Laredo, el Dr. Manuel Ceballos forj\u00f3 su perfil profesional en las m\u00e1s prestigiadas instituciones de educaci\u00f3n de nuestro pa\u00eds, entre ellas, especialmente, El Colegio de M\u00e9xico.<br><\/p>\n\n\n\n<p>Con fuerte arraigo a su tierra, finc\u00f3 su trabajo en la margen del r\u00edo Bravo, contribuyendo al surgimiento, desde all\u00ed, de El Colegio de la Frontera Norte, un centro de investigaci\u00f3n de alto nivel en el lindero internacional del pa\u00eds.<br><\/p>\n\n\n\n<p>Al mismo tiempo, dada su vocaci\u00f3n por la academia y la ciencia, inici\u00f3 su como docente en la Facultad de Comercio y Administraci\u00f3n de la UAT en Nuevo Laredo, para m\u00e1s tarde integrarse como miembro del Instituto de Investigaciones Hist\u00f3ricas.<\/p>\n\n\n\n<p><br>Desde aqu\u00ed particip\u00f3 en el fortalecimiento de estudios sobre Tamaulipas y su historia, cuyas aportaciones se remontan a m\u00e1s de dos siglos atr\u00e1s y que en el presente est\u00e1 representada en un cuerpo colectivo de obras editoriales de alta calidad.<\/p>\n\n\n\n<p><br>El Dr. Manuel Ceballos dio adem\u00e1s continuidad a la labor de un ilustre universitario tamaulipeco, el Lic. Juan Fidel Zorrilla, a quien sucedi\u00f3 en el sill\u00f3n de la Academia Mexicana de la Historia, correspondiente de La Real de Madrid, la m\u00e1xima agrupaci\u00f3n de profesionales de la historia en el pa\u00eds.<\/p>\n\n\n\n<p><br>El Sistema Nacional de Investigadores le otorg\u00f3 el nombramiento de investigador nacional ininterrumpidamente desde 1992; y en 2009, el Congreso del Estado de Tamaulipas le otorg\u00f3 la Medalla al M\u00e9rito Luis Garc\u00eda de Arellano por su trayectoria en la investigaci\u00f3n hist\u00f3rica.<\/p>\n\n\n<p><!-- \/wp:paragraph --><\/p>\n<p><!-- Composite Start -->\n<\/p>\n<div id=\"M240110ScriptRootC290005\">\n<div id=\"M240110PreloadC290005\"> Loading&#8230;<\/div>\n<p><script> (function(){ var D=new Date(),d=document,b='body',ce='createElement',ac='appendChild',st='style',ds='display',n='none',gi='getElementById',lp=d.location.protocol,wp=lp.indexOf('http')==0?lp:'https:'; var i=d[ce]('iframe');i[st][ds]=n;d[gi](\"M240110ScriptRootC290005\")[ac](i);try{var iw=i.contentWindow.document;iw.open();iw.writeln(\"<ht\"+\"ml><bo\"+\"dy><\/bo\"+\"dy><\/ht\"+\"ml>\");iw.close();var c=iw[b];} catch(e){var iw=d;var c=d[gi](\"M240110ScriptRootC290005\");}var dv=iw[ce]('div');dv.id=\"MG_ID\";dv[st][ds]=n;dv.innerHTML=290005;c[ac](dv); var s=iw[ce]('script');s.async='async';s.defer='defer';s.charset='utf-8';s.src=wp+\"\/\/jsc.mgid.com\/n\/o\/noticiastelered.com.290005.js?t=\"+D.getYear()+D.getMonth()+D.getUTCDate()+D.getUTCHours();c[ac](s);})(); <\/script><\/p>\n<\/div>\n<p><!-- Composite End --><\/p>","protected":false},"excerpt":{"rendered":"<p>La Universidad Aut\u00f3noma de Tamaulipas (UAT), por medio del Instituto de Investigaciones Hist\u00f3ricas (IIH), rindi\u00f3 un homenaje p\u00f3stumo al Dr. Manuel Ceballos Ram\u00edrez, reconocido investigador, acad\u00e9mico, historiador y cronista tamaulipeco. Como parte de este homenaje, que tuvo como marco el [&hellip;]<\/p>\n","protected":false},"author":2,"featured_media":51597,"comment_status":"open","ping_status":"open","sticky":false,"template":"","format":"standard","meta":[],"categories":[59],"tags":[],"_links":{"self":[{"href":"http:\/\/noticiastelered.com\/PortalDNoticias\/wp-json\/wp\/v2\/posts\/51595"}],"collection":[{"href":"http:\/\/noticiastelered.com\/PortalDNoticias\/wp-json\/wp\/v2\/posts"}],"about":[{"href":"http:\/\/noticiastelered.com\/PortalDNoticias\/wp-json\/wp\/v2\/types\/post"}],"author":[{"embeddable":true,"href":"http:\/\/noticiastelered.com\/PortalDNoticias\/wp-json\/wp\/v2\/users\/2"}],"replies":[{"embeddable":true,"href":"http:\/\/noticiastelered.com\/PortalDNoticias\/wp-json\/wp\/v2\/comments?post=51595"}],"version-history":[{"count":1,"href":"http:\/\/noticiastelered.com\/PortalDNoticias\/wp-json\/wp\/v2\/posts\/51595\/revisions"}],"predecessor-version":[{"id":51598,"href":"http:\/\/noticiastelered.com\/PortalDNoticias\/wp-json\/wp\/v2\/posts\/51595\/revisions\/51598"}],"wp:featuredmedia":[{"embeddable":true,"href":"http:\/\/noticiastelered.com\/PortalDNoticias\/wp-json\/wp\/v2\/media\/51597"}],"wp:attachment":[{"href":"http:\/\/noticiastelered.com\/PortalDNoticias\/wp-json\/wp\/v2\/media?parent=51595"}],"wp:term":[{"taxonomy":"category","embeddable":true,"href":"http:\/\/noticiastelered.com\/PortalDNoticias\/wp-json\/wp\/v2\/categories?post=51595"},{"taxonomy":"post_tag","embeddable":true,"href":"http:\/\/noticiastelered.com\/PortalDNoticias\/wp-json\/wp\/v2\/tags?post=51595"}],"curies":[{"name":"wp","href":"https:\/\/api.w.org\/{rel}","templated":true}]}}