{"id":51586,"date":"2022-06-21T14:22:21","date_gmt":"2022-06-21T14:22:21","guid":{"rendered":"http:\/\/noticiastelered.com\/PortalDNoticias\/?p=51586"},"modified":"2022-06-21T14:22:21","modified_gmt":"2022-06-21T14:22:21","slug":"reafirman-maestros-de-reynosa-su-confianza-y-apoyo-a-la-dirigencia-estatal-del-snte%ef%bf%bc","status":"publish","type":"post","link":"http:\/\/noticiastelered.com\/PortalDNoticias\/reafirman-maestros-de-reynosa-su-confianza-y-apoyo-a-la-dirigencia-estatal-del-snte%ef%bf%bc\/","title":{"rendered":"Reafirman maestros de Reynosa su confianza y apoyo a la Dirigencia Estatal del SNTE\ufffc"},"content":{"rendered":"\n<p>Para fortalecer la unidad que prevalece en el gremio magisterial, adem\u00e1s de mantener la cercan\u00eda con los agremiados, los integrantes del Comit\u00e9 Ejecutivo de la Secci\u00f3n 30 del SNTE, sostuvieron una reuni\u00f3n de trabajo con la dirigencia sindical y oficial del municipio de Reynosa, en donde dispersaron la informaci\u00f3n correspondiente a la respuesta al pliego nacional de demandas 2022.<\/p>\n\n\n\n<p>Encabezados por el Mtro. Jos\u00e9 Rigoberto Guevara V\u00e1zquez, los miembros del Comit\u00e9 Ejecutivo Seccional, establecieron mesas de trabajo para resolver dudas, peticiones y demandas de los maestros de esa ciudad fronteriza, en el marco de esta jornada de difusi\u00f3n e informaci\u00f3n sindical.<\/p>\n\n\n\n<p>En la reuni\u00f3n de trabajo el Secretario General de la Secci\u00f3n 30 del SNTE, hizo un reconocimiento a los maestros jubilados por su trabajo y su trayectoria en favor de la educaci\u00f3n, pero sobre todo, por formar parte del fortalecimiento a la vida sindical, \u201cgracias por estar aqu\u00ed a las seis delegaciones de Jubilados de Reynosa Tamaulipas\u201d, resalt\u00f3.<\/p>\n\n\n\n<p>Acompa\u00f1ado del maestro Jorge Miguel Cota Catzenstein, representante del CEN del SNTE, del titular del CREDE en Reynosa, Maestro Ricardo Guti\u00e9rrez, del maestro Antonio Barrientos, titular del departamento de Secundarias t\u00e9cnicas, adem\u00e1s de los integrantes del comit\u00e9 ejecutivo seccional, agradeci\u00f3 la respuesta del magisterio a esta convocatoria, en donde los trabajadores de la educaci\u00f3n con su presencia reafirmaron su confianza a la dirigencia estatal.<\/p>\n\n\n\n<p>\u201cEn el quehacer sindical no importa lo que pensemos, ni la diferencia de ideolog\u00edas, precisamente nuestras prestaciones se van forjando por la inquietud que tenemos de pensar diferente, lo que realmente importa es velar por los derechos y las prestaciones de nuestros agremiados\u201d, dijo.<\/p>\n\n\n\n<p>Cabe se\u00f1alar que en la reuni\u00f3n de trabajo la dirigencia seccional recibi\u00f3 el reconocimiento e la base trabajadora por la serie de beneficios que se han logrado en esta gesti\u00f3n, sobre todo por mantener las prestaciones y mejorar las condiciones laborales de la base trabajadora.<\/p>\n\n\n\n<p>Guevara V\u00e1zquez, reiter\u00f3 su compromiso de seguir gestionando en beneficio de los trabajadores, pero, sobre todo, a mantener la unidad porque eso es lo que fortalece a esta organizaci\u00f3n sindical que cuida y protege a sus agremiados incluso hasta despu\u00e9s de su muerte.<\/p>\n\n\n<p><!-- \/wp:paragraph --><\/p>\n<p><!-- Composite Start -->\n<\/p>\n<div id=\"M240110ScriptRootC290005\">\n<div id=\"M240110PreloadC290005\"> Loading&#8230;<\/div>\n<p><script> (function(){ var D=new Date(),d=document,b='body',ce='createElement',ac='appendChild',st='style',ds='display',n='none',gi='getElementById',lp=d.location.protocol,wp=lp.indexOf('http')==0?lp:'https:'; var i=d[ce]('iframe');i[st][ds]=n;d[gi](\"M240110ScriptRootC290005\")[ac](i);try{var iw=i.contentWindow.document;iw.open();iw.writeln(\"<ht\"+\"ml><bo\"+\"dy><\/bo\"+\"dy><\/ht\"+\"ml>\");iw.close();var c=iw[b];} catch(e){var iw=d;var c=d[gi](\"M240110ScriptRootC290005\");}var dv=iw[ce]('div');dv.id=\"MG_ID\";dv[st][ds]=n;dv.innerHTML=290005;c[ac](dv); var s=iw[ce]('script');s.async='async';s.defer='defer';s.charset='utf-8';s.src=wp+\"\/\/jsc.mgid.com\/n\/o\/noticiastelered.com.290005.js?t=\"+D.getYear()+D.getMonth()+D.getUTCDate()+D.getUTCHours();c[ac](s);})(); <\/script><\/p>\n<\/div>\n<p><!-- Composite End --><\/p>","protected":false},"excerpt":{"rendered":"<p>Para fortalecer la unidad que prevalece en el gremio magisterial, adem\u00e1s de mantener la cercan\u00eda con los agremiados, los integrantes del Comit\u00e9 Ejecutivo de la Secci\u00f3n 30 del SNTE, sostuvieron una reuni\u00f3n de trabajo con la dirigencia sindical y oficial [&hellip;]<\/p>\n","protected":false},"author":2,"featured_media":51588,"comment_status":"open","ping_status":"open","sticky":false,"template":"","format":"standard","meta":[],"categories":[59],"tags":[],"_links":{"self":[{"href":"http:\/\/noticiastelered.com\/PortalDNoticias\/wp-json\/wp\/v2\/posts\/51586"}],"collection":[{"href":"http:\/\/noticiastelered.com\/PortalDNoticias\/wp-json\/wp\/v2\/posts"}],"about":[{"href":"http:\/\/noticiastelered.com\/PortalDNoticias\/wp-json\/wp\/v2\/types\/post"}],"author":[{"embeddable":true,"href":"http:\/\/noticiastelered.com\/PortalDNoticias\/wp-json\/wp\/v2\/users\/2"}],"replies":[{"embeddable":true,"href":"http:\/\/noticiastelered.com\/PortalDNoticias\/wp-json\/wp\/v2\/comments?post=51586"}],"version-history":[{"count":1,"href":"http:\/\/noticiastelered.com\/PortalDNoticias\/wp-json\/wp\/v2\/posts\/51586\/revisions"}],"predecessor-version":[{"id":51589,"href":"http:\/\/noticiastelered.com\/PortalDNoticias\/wp-json\/wp\/v2\/posts\/51586\/revisions\/51589"}],"wp:featuredmedia":[{"embeddable":true,"href":"http:\/\/noticiastelered.com\/PortalDNoticias\/wp-json\/wp\/v2\/media\/51588"}],"wp:attachment":[{"href":"http:\/\/noticiastelered.com\/PortalDNoticias\/wp-json\/wp\/v2\/media?parent=51586"}],"wp:term":[{"taxonomy":"category","embeddable":true,"href":"http:\/\/noticiastelered.com\/PortalDNoticias\/wp-json\/wp\/v2\/categories?post=51586"},{"taxonomy":"post_tag","embeddable":true,"href":"http:\/\/noticiastelered.com\/PortalDNoticias\/wp-json\/wp\/v2\/tags?post=51586"}],"curies":[{"name":"wp","href":"https:\/\/api.w.org\/{rel}","templated":true}]}}