{"id":51578,"date":"2022-06-21T03:42:08","date_gmt":"2022-06-21T03:42:08","guid":{"rendered":"http:\/\/noticiastelered.com\/PortalDNoticias\/?p=51578"},"modified":"2022-06-21T03:42:09","modified_gmt":"2022-06-21T03:42:09","slug":"nuevo-laredo-se-convierte-en-el-primer-municipio-en-vacunar-en-bebes-contra-el-coronavirus-en-mexico","status":"publish","type":"post","link":"http:\/\/noticiastelered.com\/PortalDNoticias\/nuevo-laredo-se-convierte-en-el-primer-municipio-en-vacunar-en-bebes-contra-el-coronavirus-en-mexico\/","title":{"rendered":"NUEVO LAREDO SE CONVIERTE EN EL PRIMER MUNICIPIO EN VACUNAR EN BEB\u00c9S CONTRA EL  CORONAVIRUS EN M\u00c9XICO"},"content":{"rendered":"\n<p>A la par que Estados Unidos, Nuevo Laredo inici\u00f3 con la vacunaci\u00f3n de beb\u00e9s, para convertirse as\u00ed en el primer municipio de todo M\u00e9xico en vacunar a menores de 6 meses de edad a 4 a\u00f1os.<\/p>\n\n\n\n<p>En beneficio de la salud de las familias neolaredenses, el Gobierno Municipal que encabeza la alcaldesa Carmen Lilia Canturosas Villarreal, con apoyo del Doctor Victor Trevi\u00f1o gestion\u00f3 estas vacunas.<\/p>\n\n\n\n<p>En una primera fase, en modalidad de vacunaci\u00f3n transfronteriza se inocul\u00f3 a beb\u00e9s y menores con comorbilidades que pertenecen a la casa hogar del Sistema para el Desarrollo Integral de la Familia (DIF) que preside Claudette Canturosas de Salinas.<\/p>\n\n\n\n<p>La alcaldesa Carmen Lilia Canturosas Villarreal, destac\u00f3 en conferencia de prensa, que en su gobierno la salud de todos los ciudadanos es prioridad y como prueba de ello, se han vacunado ya a m\u00e1s de 100 mil neolaredenses y ahora, se gestionaron mil 800 vacunas para beb\u00e9s y menores.<\/p>\n\n\n\n<p>\u201cAhora volvemos a hacer historia en Nuevo Laredo y en M\u00e9xico, iniciamos la vacunaci\u00f3n para beb\u00e9s en el rango de edad de 6 meses a los 4 a\u00f1os y los primeros beneficiados son menores con comorbilidades que registr\u00f3 el DIF\u201d, expres\u00f3 Canturosas Villarreal.<\/p>\n\n\n\n<p>El martes 21 de junio se lanzar\u00e1 la convocatoria donde se explicar\u00e1 las bases de esta vacunaci\u00f3n para que el mi\u00e9rcoles 22, la ciudadan\u00eda acuda a registrarse a la Sala Sergio Pe\u00f1a con un horario de 2:00 PM a 8:00 PM.<\/p>\n\n\n\n<p>Esta jornada de vacunaci\u00f3n ser\u00e1 durante los d\u00edas 23, 24, 27, 28, 29 y 30 del presente mes.<\/p>\n\n\n\n<p>La aplicaci\u00f3n de la vacuna transfronteriza inici\u00f3 en julio del 2021 a trav\u00e9s de las gestiones de la presidenta municipal con la autoridad m\u00e9dica de Laredo, Texas, el doctor V\u00edctor Trevi\u00f1o.<\/p>\n\n\n\n<p>Estas acciones hist\u00f3ricas son gracias a la voluntad de resguardar la salud de todos y la buena relaci\u00f3n que existe entre los dos Laredos, lo que result\u00f3 en que Nuevo Laredo tambi\u00e9n fuese el primer municipio en vacunar a ni\u00f1os de 5 a 11 a\u00f1os y j\u00f3venes de 12 a 17 a\u00f1os.<\/p>\n","protected":false},"excerpt":{"rendered":"<p>A la par que Estados Unidos, Nuevo Laredo inici\u00f3 con la vacunaci\u00f3n de beb\u00e9s, para convertirse as\u00ed en el primer municipio de todo M\u00e9xico en vacunar a menores de 6 meses de edad a 4 a\u00f1os. En beneficio de la [&hellip;]<\/p>\n","protected":false},"author":2,"featured_media":51580,"comment_status":"open","ping_status":"open","sticky":false,"template":"","format":"standard","meta":[],"categories":[63],"tags":[],"_links":{"self":[{"href":"http:\/\/noticiastelered.com\/PortalDNoticias\/wp-json\/wp\/v2\/posts\/51578"}],"collection":[{"href":"http:\/\/noticiastelered.com\/PortalDNoticias\/wp-json\/wp\/v2\/posts"}],"about":[{"href":"http:\/\/noticiastelered.com\/PortalDNoticias\/wp-json\/wp\/v2\/types\/post"}],"author":[{"embeddable":true,"href":"http:\/\/noticiastelered.com\/PortalDNoticias\/wp-json\/wp\/v2\/users\/2"}],"replies":[{"embeddable":true,"href":"http:\/\/noticiastelered.com\/PortalDNoticias\/wp-json\/wp\/v2\/comments?post=51578"}],"version-history":[{"count":1,"href":"http:\/\/noticiastelered.com\/PortalDNoticias\/wp-json\/wp\/v2\/posts\/51578\/revisions"}],"predecessor-version":[{"id":51581,"href":"http:\/\/noticiastelered.com\/PortalDNoticias\/wp-json\/wp\/v2\/posts\/51578\/revisions\/51581"}],"wp:featuredmedia":[{"embeddable":true,"href":"http:\/\/noticiastelered.com\/PortalDNoticias\/wp-json\/wp\/v2\/media\/51580"}],"wp:attachment":[{"href":"http:\/\/noticiastelered.com\/PortalDNoticias\/wp-json\/wp\/v2\/media?parent=51578"}],"wp:term":[{"taxonomy":"category","embeddable":true,"href":"http:\/\/noticiastelered.com\/PortalDNoticias\/wp-json\/wp\/v2\/categories?post=51578"},{"taxonomy":"post_tag","embeddable":true,"href":"http:\/\/noticiastelered.com\/PortalDNoticias\/wp-json\/wp\/v2\/tags?post=51578"}],"curies":[{"name":"wp","href":"https:\/\/api.w.org\/{rel}","templated":true}]}}