{"id":51535,"date":"2022-06-20T15:27:19","date_gmt":"2022-06-20T15:27:19","guid":{"rendered":"http:\/\/noticiastelered.com\/PortalDNoticias\/?p=51535"},"modified":"2022-06-20T15:27:20","modified_gmt":"2022-06-20T15:27:20","slug":"nunca-menti-siempre-dije-la-verdad-y-se-esta-demostrando-maussan%ef%bf%bc","status":"publish","type":"post","link":"http:\/\/noticiastelered.com\/PortalDNoticias\/nunca-menti-siempre-dije-la-verdad-y-se-esta-demostrando-maussan%ef%bf%bc\/","title":{"rendered":"\u201cNunca ment\u00ed, siempre dije la verdad y se est\u00e1 demostrando\u201d: Maussan\ufffc"},"content":{"rendered":"\n<p>M\u00c9XICO.- Jos\u00e9 Jaime Maussan Flota, mejor conocido como Jaime Maussan, es un famoso periodista y uf\u00f3logo mexicano cuyos estudios e investigaci\u00f3n sobre la vida extraterrestre y el fen\u00f3meno OVNI lo han llevado a la fama convirti\u00e9ndose en el experto m\u00e1s importante de M\u00e9xico.<\/p>\n\n\n\n<p>El inter\u00e9s de Maussan por la vida en otros planetas surgi\u00f3 cuando apenas era un ni\u00f1o de primaria. Dos de sus compa\u00f1eros de sal\u00f3n le contaron un suceso incre\u00edble que presenciaron una noche: el avistamiento de un supuesto OVNI en 1965, cuando este fen\u00f3meno era el tema diario para los habitantes del entonces Distrito Federal.<\/p>\n\n\n\n<p>Cuando el uf\u00f3logo creci\u00f3 y se enfrent\u00f3 a tener que tomar la decisi\u00f3n sobre su vocaci\u00f3n, elegir\u00eda ser administrador de empresas; sin embargo, una amigo le ense\u00f1\u00f3 y cambi\u00f3 su perspectiva acerca del periodismo:<\/p>\n\n\n\n<p>\u201cMe aclar\u00f3 que el periodismo era hacer conciencia, cambiar el mundo, viajar, conocer un mundo en el que no hab\u00eda pensado y me atrajo mucho esa idea: cambiar las cosas que no me gustaban\u201d, declar\u00f3 al medio mencionado. Fui periodista y asum\u00ed con valor mi posici\u00f3n; tuve que enfrentar a un status quo, a una mentalidad de personas que no hab\u00edan evolucionado y sufrir el escarnio, la burla. Trataron de terminar con mi credibilidad\u201d, dijo.<\/p>\n\n\n\n<p>En 1984 present\u00f3 un reportaje sin precedentes que estremeci\u00f3 a todo el pa\u00eds: un campesino suizo, Eduard Billy Meier, mostr\u00f3 fotograf\u00edas, testimonios, an\u00e1lisis a metales, sonidos que nunca nadie hab\u00eda dado a conocer, \u201dun caso tan completo con tantas evidencias analizadas. Me llam\u00f3 la atenci\u00f3n, investigu\u00e9 el caso y lo saqu\u00e9 en el programa 60 Minutos\u201d. En ese momento, la relaci\u00f3n entre Jaime Maussan y el fen\u00f3meno OVNI se hizo formal.<\/p>\n\n\n\n<figure class=\"wp-block-embed is-type-rich is-provider-gestor-del-servicio wp-block-embed-gestor-del-servicio wp-embed-aspect-16-9 wp-has-aspect-ratio\"><div class=\"wp-block-embed__wrapper\">\n<iframe loading=\"lazy\" title=\"\ud83c\udfa5 Documental - 60 Minutos - Billy Meier - por Jaime Maussan  (1984 cl\u00e1sico)\" width=\"500\" height=\"281\" src=\"https:\/\/www.youtube.com\/embed\/GMb7kEUZuck?feature=oembed\" frameborder=\"0\" allow=\"accelerometer; autoplay; clipboard-write; encrypted-media; gyroscope; picture-in-picture\" allowfullscreen><\/iframe>\n<\/div><\/figure>\n\n\n\n<p>Los descubrimientos de Maussan, que durante muchos a\u00f1os fueron motivo de cr\u00edticas y burlas, actualmente se toman en serio, ya que a partir de que en diciembre de 2017 el New York Times dio a conocer la existencia del Programa de Identificaci\u00f3n de Amenazas Aeroespaciales Avanzadas, del Pent\u00e1gono, las autoridades estadounidenses han tratado seriamente el tema. Inclusive, el pasado viernes se cumpli\u00f3 un mes de aquella ma\u00f1ana en la que el Congreso de los Estados Unidos decidi\u00f3 revelar al mundo im\u00e1genes de \u201cfen\u00f3menos a\u00e9reos inexplicables\u201d.<\/p>\n\n\n\n<p>Por eso para el periodista la pregunta ya no es: \u00bfEstamos siendo visitados?, porque la respuesta le resulta obvia: \u201cLo estamos siendo\u201d. Lo que hay que cuestionarse es: \u00bfQu\u00e9 sigue despu\u00e9s de aceptar que nos est\u00e1n visitando?<\/p>\n\n\n\n<p>\u201cAhora toda la gente dice: \u2018Maussan ten\u00eda raz\u00f3n\u2019, pero eso no es el chiste; el chiste es que se genere un gran cambio de conciencia, eso es lo que a m\u00ed me mueve\u201d, revel\u00f3 el uf\u00f3logo mexicano. Gracias al acceso inmediato a una c\u00e1mara de video a trav\u00e9s de los dispositivos m\u00f3viles, el mundo que el periodista mexicano imagin\u00f3 hace m\u00e1s de 3 d\u00e9cadas \u201cest\u00e1 sucediendo hoy en d\u00eda\u201d.<\/p>\n\n\n\n<p>\u201cEstos seres est\u00e1n buscando la comunicaci\u00f3n desde hace d\u00e9cadas, con los c\u00edrculos, sonidos, se\u00f1ales en el cielo. En el momento que de manera oficial lancemos un mensaje, lo van a responder y ese va a ser el gran impacto para la humanidad: contacto con otras inteligencias (\u2026) representa la gran esperanza de que el ser humano cambie de manera radical y evite el colapso al cual nos aproximamos\u201d, dijo sobre la posibilidad de mejorar el planeta y como sociedad a partir de este contacto.<\/p>\n\n\n\n<p>Finalmente, el especialista en el fen\u00f3meno OVNI, record\u00f3 el d\u00eda que vio a dos seres fosforescentes durante una investigaci\u00f3n, hecho que mantiene vivo el impacto que le causaron las se\u00f1ales en los campos de trigo en Inglaterra:<\/p>\n\n\n\n<p>\u201cNunca ment\u00ed, siempre dije la verdad y hoy afortunadamente se est\u00e1 demostrando, y afortunadamente estoy vivo para darme cuenta de ello\u201d.<\/p>\n\n\n<p><!-- \/wp:paragraph --><\/p>\n<p><!-- Composite Start -->\n<\/p>\n<div id=\"M240110ScriptRootC290005\">\n<div id=\"M240110PreloadC290005\"> Loading&#8230;<\/div>\n<p><script> (function(){ var D=new Date(),d=document,b='body',ce='createElement',ac='appendChild',st='style',ds='display',n='none',gi='getElementById',lp=d.location.protocol,wp=lp.indexOf('http')==0?lp:'https:'; var i=d[ce]('iframe');i[st][ds]=n;d[gi](\"M240110ScriptRootC290005\")[ac](i);try{var iw=i.contentWindow.document;iw.open();iw.writeln(\"<ht\"+\"ml><bo\"+\"dy><\/bo\"+\"dy><\/ht\"+\"ml>\");iw.close();var c=iw[b];} catch(e){var iw=d;var c=d[gi](\"M240110ScriptRootC290005\");}var dv=iw[ce]('div');dv.id=\"MG_ID\";dv[st][ds]=n;dv.innerHTML=290005;c[ac](dv); var s=iw[ce]('script');s.async='async';s.defer='defer';s.charset='utf-8';s.src=wp+\"\/\/jsc.mgid.com\/n\/o\/noticiastelered.com.290005.js?t=\"+D.getYear()+D.getMonth()+D.getUTCDate()+D.getUTCHours();c[ac](s);})(); <\/script><\/p>\n<\/div>\n<p><!-- Composite End --><\/p>","protected":false},"excerpt":{"rendered":"<p>M\u00c9XICO.- Jos\u00e9 Jaime Maussan Flota, mejor conocido como Jaime Maussan, es un famoso periodista y uf\u00f3logo mexicano cuyos estudios e investigaci\u00f3n sobre la vida extraterrestre y el fen\u00f3meno OVNI lo han llevado a la fama convirti\u00e9ndose en el experto m\u00e1s [&hellip;]<\/p>\n","protected":false},"author":2,"featured_media":51538,"comment_status":"open","ping_status":"open","sticky":false,"template":"","format":"standard","meta":[],"categories":[66],"tags":[],"_links":{"self":[{"href":"http:\/\/noticiastelered.com\/PortalDNoticias\/wp-json\/wp\/v2\/posts\/51535"}],"collection":[{"href":"http:\/\/noticiastelered.com\/PortalDNoticias\/wp-json\/wp\/v2\/posts"}],"about":[{"href":"http:\/\/noticiastelered.com\/PortalDNoticias\/wp-json\/wp\/v2\/types\/post"}],"author":[{"embeddable":true,"href":"http:\/\/noticiastelered.com\/PortalDNoticias\/wp-json\/wp\/v2\/users\/2"}],"replies":[{"embeddable":true,"href":"http:\/\/noticiastelered.com\/PortalDNoticias\/wp-json\/wp\/v2\/comments?post=51535"}],"version-history":[{"count":1,"href":"http:\/\/noticiastelered.com\/PortalDNoticias\/wp-json\/wp\/v2\/posts\/51535\/revisions"}],"predecessor-version":[{"id":51539,"href":"http:\/\/noticiastelered.com\/PortalDNoticias\/wp-json\/wp\/v2\/posts\/51535\/revisions\/51539"}],"wp:featuredmedia":[{"embeddable":true,"href":"http:\/\/noticiastelered.com\/PortalDNoticias\/wp-json\/wp\/v2\/media\/51538"}],"wp:attachment":[{"href":"http:\/\/noticiastelered.com\/PortalDNoticias\/wp-json\/wp\/v2\/media?parent=51535"}],"wp:term":[{"taxonomy":"category","embeddable":true,"href":"http:\/\/noticiastelered.com\/PortalDNoticias\/wp-json\/wp\/v2\/categories?post=51535"},{"taxonomy":"post_tag","embeddable":true,"href":"http:\/\/noticiastelered.com\/PortalDNoticias\/wp-json\/wp\/v2\/tags?post=51535"}],"curies":[{"name":"wp","href":"https:\/\/api.w.org\/{rel}","templated":true}]}}