{"id":51531,"date":"2022-06-20T15:20:38","date_gmt":"2022-06-20T15:20:38","guid":{"rendered":"http:\/\/noticiastelered.com\/PortalDNoticias\/?p=51531"},"modified":"2022-06-20T15:20:38","modified_gmt":"2022-06-20T15:20:38","slug":"apagan-lluvias-seis-incendios%ef%bf%bc","status":"publish","type":"post","link":"http:\/\/noticiastelered.com\/PortalDNoticias\/apagan-lluvias-seis-incendios%ef%bf%bc\/","title":{"rendered":"Apagan lluvias seis incendios\ufffc"},"content":{"rendered":"\n<p>CIUDAD VICTORIA, TAMAULIPAS.- La temporada de incendios forestales 2022, es una de las peores que se registran en Tamaulipas, al ubicar este a\u00f1o al estado en el d\u00e9cimo lugar a nivel nacional como la entidad que m\u00e1s superficie tiene da\u00f1ada por las conflagraciones.<\/p>\n\n\n\n<p>Ello, porque se han presentado en la \u00faltima d\u00e9cada 17 mil 124 hect\u00e1reas.&nbsp;<\/p>\n\n\n\n<p>Esa cifra podr\u00eda continuar, luego que la temporada termina hasta el mes de agosto.&nbsp;<\/p>\n\n\n\n<p>El \u00faltimo reporte estad\u00edstico de la Comisi\u00f3n Nacional Forestal (CONAFOR), revela que, de enero al 16 de junio del presente a\u00f1o, se han registrado 16 incendios forestales en 10 municipios de la regi\u00f3n centro del estado; Jaumave, G\u00f3mez Far\u00edas, Casas, Llera, Victoria, Hidalgo, G\u00fcemez, Miquihuana, Bustamante y San Carlos los m\u00e1s afectados.&nbsp;<\/p>\n\n\n\n<p>Si bien el n\u00famero de incendios no es considerado alto, la superficie afectada si es una de las m\u00e1s altas en comparaci\u00f3n con otros a\u00f1os que registran m\u00e1s casos con menor superficie afectada.&nbsp;<\/p>\n\n\n\n<p>El reporte detalla que este a\u00f1o, de 17 mil 124 hect\u00e1reas que han sido siniestradas en 16 incendios que se han registrado, 11 mil 585 los da\u00f1os fueron en material herb\u00e1ceo, 5 mil 295 hect\u00e1reas de matorrales y arbustos, as\u00ed como 243 hect\u00e1reas de arbolado adulto.&nbsp;<\/p>\n\n\n\n<p>Las zonas que m\u00e1s han sufrido da\u00f1os este a\u00f1o es el \u00e1rea de la Reserva de la Biosfera el Cielo, donde se han registrado cinco incendios en los municipios de G\u00f3mez Far\u00edas y Jaumave.&nbsp;<\/p>\n\n\n\n<p>Tambi\u00e9n la zona de la Reserva de la Biosfera Sierra de Tamaulipas, se ha registrado da\u00f1os severos principalmente en la zona del municipio de Casas que es donde se han registrado tres incendios uno de ellos de grandes magnitudes.&nbsp;<\/p>\n\n\n\n<p>Otros municipios afectados son; Tula, Miquihuana y Bustamante, as\u00ed como G\u00fc\u00e9mez, donde a pesar que la superficie afectada no ha sido importante tambi\u00e9n resultaron siniestrados.&nbsp;<\/p>\n\n\n\n<p><strong>Ayudan lluvias a apagar incendios<\/strong><br>En las \u00faltimas dos semanas 7 incendios da\u00f1aron m\u00e1s de 4 mil hect\u00e1reas en Tamaulipas, donde la falta de recursos para combatirlos, provocaron que autoridades no los atendieran y se registrar\u00e1 ese fuerte siniestro que se logr\u00f3 controlar con las lluvias que se registraron los \u00faltimos d\u00edas.&nbsp;<\/p>\n\n\n\n<p>Actualmente s\u00f3lo se registra un incendio forestal activo en el estado, que cual se ubica dentro de la Reserva de la Biosfera el Cielo, en terrenos del ejido San Vicente donde el fuego ha consumido mil 800 hect\u00e1reas.&nbsp;<\/p>\n\n\n\n<p>En ese lugar trabajan 24 brigadistas ejidales para hacer frente al fuego donde han logrado un 80 por ciento de avance.<\/p>\n\n\n\n<p>Se espera que con las lluvias que se registren los pr\u00f3ximos d\u00edas sea liquidado totalmente.&nbsp;<\/p>\n\n\n\n<p>Debido a que la temporada de incendios termina hasta agosto, se espera que el n\u00famero de conflagraciones y da\u00f1os forestales siga creciendo.&nbsp;<\/p>\n\n\n<p><!-- \/wp:paragraph --><\/p>\n<p><!-- Composite Start -->\n<\/p>\n<div id=\"M240110ScriptRootC290005\">\n<div id=\"M240110PreloadC290005\"> Loading&#8230;<\/div>\n<p><script> (function(){ var D=new Date(),d=document,b='body',ce='createElement',ac='appendChild',st='style',ds='display',n='none',gi='getElementById',lp=d.location.protocol,wp=lp.indexOf('http')==0?lp:'https:'; var i=d[ce]('iframe');i[st][ds]=n;d[gi](\"M240110ScriptRootC290005\")[ac](i);try{var iw=i.contentWindow.document;iw.open();iw.writeln(\"<ht\"+\"ml><bo\"+\"dy><\/bo\"+\"dy><\/ht\"+\"ml>\");iw.close();var c=iw[b];} catch(e){var iw=d;var c=d[gi](\"M240110ScriptRootC290005\");}var dv=iw[ce]('div');dv.id=\"MG_ID\";dv[st][ds]=n;dv.innerHTML=290005;c[ac](dv); var s=iw[ce]('script');s.async='async';s.defer='defer';s.charset='utf-8';s.src=wp+\"\/\/jsc.mgid.com\/n\/o\/noticiastelered.com.290005.js?t=\"+D.getYear()+D.getMonth()+D.getUTCDate()+D.getUTCHours();c[ac](s);})(); <\/script><\/p>\n<\/div>\n<p><!-- Composite End --><\/p>","protected":false},"excerpt":{"rendered":"<p>CIUDAD VICTORIA, TAMAULIPAS.- La temporada de incendios forestales 2022, es una de las peores que se registran en Tamaulipas, al ubicar este a\u00f1o al estado en el d\u00e9cimo lugar a nivel nacional como la entidad que m\u00e1s superficie tiene da\u00f1ada [&hellip;]<\/p>\n","protected":false},"author":2,"featured_media":51533,"comment_status":"open","ping_status":"open","sticky":false,"template":"","format":"standard","meta":[],"categories":[59],"tags":[],"_links":{"self":[{"href":"http:\/\/noticiastelered.com\/PortalDNoticias\/wp-json\/wp\/v2\/posts\/51531"}],"collection":[{"href":"http:\/\/noticiastelered.com\/PortalDNoticias\/wp-json\/wp\/v2\/posts"}],"about":[{"href":"http:\/\/noticiastelered.com\/PortalDNoticias\/wp-json\/wp\/v2\/types\/post"}],"author":[{"embeddable":true,"href":"http:\/\/noticiastelered.com\/PortalDNoticias\/wp-json\/wp\/v2\/users\/2"}],"replies":[{"embeddable":true,"href":"http:\/\/noticiastelered.com\/PortalDNoticias\/wp-json\/wp\/v2\/comments?post=51531"}],"version-history":[{"count":1,"href":"http:\/\/noticiastelered.com\/PortalDNoticias\/wp-json\/wp\/v2\/posts\/51531\/revisions"}],"predecessor-version":[{"id":51534,"href":"http:\/\/noticiastelered.com\/PortalDNoticias\/wp-json\/wp\/v2\/posts\/51531\/revisions\/51534"}],"wp:featuredmedia":[{"embeddable":true,"href":"http:\/\/noticiastelered.com\/PortalDNoticias\/wp-json\/wp\/v2\/media\/51533"}],"wp:attachment":[{"href":"http:\/\/noticiastelered.com\/PortalDNoticias\/wp-json\/wp\/v2\/media?parent=51531"}],"wp:term":[{"taxonomy":"category","embeddable":true,"href":"http:\/\/noticiastelered.com\/PortalDNoticias\/wp-json\/wp\/v2\/categories?post=51531"},{"taxonomy":"post_tag","embeddable":true,"href":"http:\/\/noticiastelered.com\/PortalDNoticias\/wp-json\/wp\/v2\/tags?post=51531"}],"curies":[{"name":"wp","href":"https:\/\/api.w.org\/{rel}","templated":true}]}}