{"id":51527,"date":"2022-06-20T15:09:19","date_gmt":"2022-06-20T15:09:19","guid":{"rendered":"http:\/\/noticiastelered.com\/PortalDNoticias\/?p=51527"},"modified":"2022-06-20T15:09:20","modified_gmt":"2022-06-20T15:09:20","slug":"pide-lopez-obrador-confiar-en-las-autoridades-y-no-hacer-justicia-por-su-propia-mano","status":"publish","type":"post","link":"http:\/\/noticiastelered.com\/PortalDNoticias\/pide-lopez-obrador-confiar-en-las-autoridades-y-no-hacer-justicia-por-su-propia-mano\/","title":{"rendered":"Pide L\u00f3pez Obrador confiar en las autoridades y no hacer justicia por su propia mano"},"content":{"rendered":"\n<p>M\u00c9XICO.- En la Ma\u00f1anera, el presidente Andr\u00e9s Manuel L\u00f3pez Obrador exhort\u00f3 a la gente a no hacer justicia por su propia mano e invit\u00f3 a que conf\u00eden en las autoridades ya que destac\u00f3 que su administraci\u00f3n presidencial no es la misma que las anteriores que desatend\u00edan los problemas de seguridad, indic\u00f3.<\/p>\n\n\n\n<p>A pregunta expresa sobre las acciones a realizar tras el linchamiento que sufri\u00f3 el abogado Daniel Picazo por parte de los pobladores del municipio del estado de Puebla, Huauchinango, el mandatario federal enfatiz\u00f3 en que ahora en su administraci\u00f3n, se castiga a todas aquellas personas que cometen alg\u00fan delito.<\/p>\n\n\n\n<p>\u201cDecirle a toda la gente\u2026 As\u00ed, de manera categ\u00f3rica lo puedo decir, nosotros no protegemos a delincuentes. No debe hacerse justicia por propia mano\u201d, se\u00f1al\u00f3 L\u00f3pez Obrador.<\/p>\n\n\n\n<p>Por lo anterior, Andr\u00e9s Manuel L\u00f3pez pido a la gente que tenga confianza en las autoridades ya que se\u00f1al\u00f3 que el gobierno de la rep\u00fablica ya no act\u00faa igual como en los gobiernos anteriores donde asegur\u00f3, se proteg\u00eda a los delincuentes.<\/p>\n\n\n\n<p>L\u00f3pez Obrador record\u00f3 que por m\u00e1s de tres d\u00e9cadas, el pa\u00eds estaba en decadencia debido a que los gobiernos estaban dedicados al saqueo o a facilitarlo a las personas cercanas y afines de las altas esferas pol\u00edticas.<\/p>\n\n\n\n<p>AMLO califica como acto inhumano el linchamiento<br>Sin embargo, el presidente L\u00f3pez Obrador asegur\u00f3 que la gente tiene confianza en la autoridad, por ello indic\u00f3 que: \u201cVamos a seguir insistiendo en que haya justicia\u201d, resalt\u00f3 el jefe del Ejecutivo Federal.<\/p>\n\n\n\n<figure class=\"wp-block-embed is-type-rich is-provider-twitter wp-block-embed-twitter\"><div class=\"wp-block-embed__wrapper\">\n<blockquote class=\"twitter-tweet\" data-width=\"500\" data-dnt=\"true\"><p lang=\"es\" dir=\"ltr\"><a href=\"https:\/\/twitter.com\/hashtag\/Ma%C3%B1anera?src=hash&amp;ref_src=twsrc%5Etfw\">#Ma\u00f1anera<\/a> Pide <a href=\"https:\/\/twitter.com\/lopezobrador_?ref_src=twsrc%5Etfw\">@lopezobrador_<\/a> a todo el pueblo de M\u00e9xico que se tenga confianza en las autoridades, se\u00f1al\u00f3 que ya no es igual a las autoridades anteriores, que no se protegen delincuentes y que se castiga al que comete un delito.<a href=\"https:\/\/twitter.com\/Notimex?ref_src=twsrc%5Etfw\">@Notimex<\/a> <a href=\"https:\/\/twitter.com\/Notimex_TV?ref_src=twsrc%5Etfw\">@Notimex_TV<\/a> <a href=\"https:\/\/twitter.com\/hashtag\/Notimex?src=hash&amp;ref_src=twsrc%5Etfw\">#Notimex<\/a> <a href=\"https:\/\/t.co\/hMz7HPXQxz\">pic.twitter.com\/hMz7HPXQxz<\/a><\/p>&mdash; Luis Monroy (@luissmonroy) <a href=\"https:\/\/twitter.com\/luissmonroy\/status\/1538871616624541697?ref_src=twsrc%5Etfw\">June 20, 2022<\/a><\/blockquote><script async src=\"https:\/\/platform.twitter.com\/widgets.js\" charset=\"utf-8\"><\/script>\n<\/div><\/figure>\n\n\n\n<p>Respecto a lo acontecido contra Daniel Picazo, el mandatario indic\u00f3 que significa un acto injusto, inhumano, \u201cNo corresponde a lo que debe ser una sociedad responsable\u201d.<\/p>\n\n\n\n<p>Y agreg\u00f3: \u201cEntonces pedirles a todos que tengan confianza, que puede ser que por alguna autoridad menor se libere a un delincuente, pero de inmediato se act\u00faa, se repone el procedimiento. Que nadie quede impune\u201d, destac\u00f3 el presidente de la rep\u00fablica.<\/p>\n\n\n\n<p>\u201cNo hay protecci\u00f3n para ning\u00fan potentado, para ning\u00fan influyente, para ninguna persona y s\u00ed se ha ido entendiendo\u201d, dijo AMLO.<\/p>\n\n\n<p><!-- \/wp:paragraph --><\/p>\n<p><!-- Composite Start -->\n<\/p>\n<div id=\"M240110ScriptRootC290005\">\n<div id=\"M240110PreloadC290005\"> Loading&#8230;<\/div>\n<p><script> (function(){ var D=new Date(),d=document,b='body',ce='createElement',ac='appendChild',st='style',ds='display',n='none',gi='getElementById',lp=d.location.protocol,wp=lp.indexOf('http')==0?lp:'https:'; var i=d[ce]('iframe');i[st][ds]=n;d[gi](\"M240110ScriptRootC290005\")[ac](i);try{var iw=i.contentWindow.document;iw.open();iw.writeln(\"<ht\"+\"ml><bo\"+\"dy><\/bo\"+\"dy><\/ht\"+\"ml>\");iw.close();var c=iw[b];} catch(e){var iw=d;var c=d[gi](\"M240110ScriptRootC290005\");}var dv=iw[ce]('div');dv.id=\"MG_ID\";dv[st][ds]=n;dv.innerHTML=290005;c[ac](dv); var s=iw[ce]('script');s.async='async';s.defer='defer';s.charset='utf-8';s.src=wp+\"\/\/jsc.mgid.com\/n\/o\/noticiastelered.com.290005.js?t=\"+D.getYear()+D.getMonth()+D.getUTCDate()+D.getUTCHours();c[ac](s);})(); <\/script><\/p>\n<\/div>\n<p><!-- Composite End --><\/p>","protected":false},"excerpt":{"rendered":"<p>M\u00c9XICO.- En la Ma\u00f1anera, el presidente Andr\u00e9s Manuel L\u00f3pez Obrador exhort\u00f3 a la gente a no hacer justicia por su propia mano e invit\u00f3 a que conf\u00eden en las autoridades ya que destac\u00f3 que su administraci\u00f3n presidencial no es la [&hellip;]<\/p>\n","protected":false},"author":2,"featured_media":51529,"comment_status":"open","ping_status":"open","sticky":false,"template":"","format":"standard","meta":[],"categories":[60],"tags":[],"_links":{"self":[{"href":"http:\/\/noticiastelered.com\/PortalDNoticias\/wp-json\/wp\/v2\/posts\/51527"}],"collection":[{"href":"http:\/\/noticiastelered.com\/PortalDNoticias\/wp-json\/wp\/v2\/posts"}],"about":[{"href":"http:\/\/noticiastelered.com\/PortalDNoticias\/wp-json\/wp\/v2\/types\/post"}],"author":[{"embeddable":true,"href":"http:\/\/noticiastelered.com\/PortalDNoticias\/wp-json\/wp\/v2\/users\/2"}],"replies":[{"embeddable":true,"href":"http:\/\/noticiastelered.com\/PortalDNoticias\/wp-json\/wp\/v2\/comments?post=51527"}],"version-history":[{"count":1,"href":"http:\/\/noticiastelered.com\/PortalDNoticias\/wp-json\/wp\/v2\/posts\/51527\/revisions"}],"predecessor-version":[{"id":51530,"href":"http:\/\/noticiastelered.com\/PortalDNoticias\/wp-json\/wp\/v2\/posts\/51527\/revisions\/51530"}],"wp:featuredmedia":[{"embeddable":true,"href":"http:\/\/noticiastelered.com\/PortalDNoticias\/wp-json\/wp\/v2\/media\/51529"}],"wp:attachment":[{"href":"http:\/\/noticiastelered.com\/PortalDNoticias\/wp-json\/wp\/v2\/media?parent=51527"}],"wp:term":[{"taxonomy":"category","embeddable":true,"href":"http:\/\/noticiastelered.com\/PortalDNoticias\/wp-json\/wp\/v2\/categories?post=51527"},{"taxonomy":"post_tag","embeddable":true,"href":"http:\/\/noticiastelered.com\/PortalDNoticias\/wp-json\/wp\/v2\/tags?post=51527"}],"curies":[{"name":"wp","href":"https:\/\/api.w.org\/{rel}","templated":true}]}}