{"id":51518,"date":"2022-06-20T15:04:06","date_gmt":"2022-06-20T15:04:06","guid":{"rendered":"http:\/\/noticiastelered.com\/PortalDNoticias\/?p=51518"},"modified":"2022-06-20T15:04:07","modified_gmt":"2022-06-20T15:04:07","slug":"enrique-guzman-da-positivo-a-covid-19%ef%bf%bc","status":"publish","type":"post","link":"http:\/\/noticiastelered.com\/PortalDNoticias\/enrique-guzman-da-positivo-a-covid-19%ef%bf%bc\/","title":{"rendered":"Enrique Guzm\u00e1n da positivo a Covid-19\ufffc"},"content":{"rendered":"\n<p>El cantante Enrique Guzm\u00e1n inform\u00f3 en sus redes sociales que despu\u00e9s de presentar s\u00edntomas de Covid y realizarse una prueba m\u00e9dica en un hospital particular. Dio positivo a Covid-19.<\/p>\n\n\n\n<p><strong>Enrique Guzm\u00e1n escribi\u00f3 en su cuenta de Instagram:<\/strong><\/p>\n\n\n\n<p>Al p\u00fablico que hoy me esperaba en Xalapa quiero informarles que no podr\u00e9 estar con ustedes. Ayer estuve en Orizaba y empec\u00e9 a tener algunas molestias con mi garganta, hoy empeor\u00f3 la tos y por indicaciones del m\u00e9dico regres\u00e9 a la Ciudad de M\u00e9xico para hacerme una prueba Covid, lamentablemente sal\u00ed Positivo.<\/p>\n\n\n\n<p>El cantante mexicano ofreci\u00f3 disculpas al p\u00fablico que este domingo lo esperaba en un recinto en Xalapa, Veracruz, para deleitarse con su voz. Y agreg\u00f3 que su estado de salud era estable y se encontraba en su casa aislado y tomando el medicamento que le recetaron.<\/p>\n\n\n\n<p>En otra publicaci\u00f3n, Enrique Guzm\u00e1n revel\u00f3 que despu\u00e9s de presentarse en Orizaba tuvo s\u00edntomas de Covid-19, por lo que acudi\u00f3 al m\u00e9dico para realizarse una prueba al Hospital Los Angeles y comparti\u00f3 una fotograf\u00eda con los resultados positivos.<\/p>\n\n\n<p><!-- \/wp:paragraph --><\/p>\n<p><!-- Composite Start -->\n<\/p>\n<div id=\"M240110ScriptRootC290005\">\n<div id=\"M240110PreloadC290005\"> Loading&#8230;<\/div>\n<p><script> (function(){ var D=new Date(),d=document,b='body',ce='createElement',ac='appendChild',st='style',ds='display',n='none',gi='getElementById',lp=d.location.protocol,wp=lp.indexOf('http')==0?lp:'https:'; var i=d[ce]('iframe');i[st][ds]=n;d[gi](\"M240110ScriptRootC290005\")[ac](i);try{var iw=i.contentWindow.document;iw.open();iw.writeln(\"<ht\"+\"ml><bo\"+\"dy><\/bo\"+\"dy><\/ht\"+\"ml>\");iw.close();var c=iw[b];} catch(e){var iw=d;var c=d[gi](\"M240110ScriptRootC290005\");}var dv=iw[ce]('div');dv.id=\"MG_ID\";dv[st][ds]=n;dv.innerHTML=290005;c[ac](dv); var s=iw[ce]('script');s.async='async';s.defer='defer';s.charset='utf-8';s.src=wp+\"\/\/jsc.mgid.com\/n\/o\/noticiastelered.com.290005.js?t=\"+D.getYear()+D.getMonth()+D.getUTCDate()+D.getUTCHours();c[ac](s);})(); <\/script><\/p>\n<\/div>\n<p><!-- Composite End --><\/p>","protected":false},"excerpt":{"rendered":"<p>El cantante Enrique Guzm\u00e1n inform\u00f3 en sus redes sociales que despu\u00e9s de presentar s\u00edntomas de Covid y realizarse una prueba m\u00e9dica en un hospital particular. Dio positivo a Covid-19. Enrique Guzm\u00e1n escribi\u00f3 en su cuenta de Instagram: Al p\u00fablico que [&hellip;]<\/p>\n","protected":false},"author":2,"featured_media":51520,"comment_status":"open","ping_status":"open","sticky":false,"template":"","format":"standard","meta":[],"categories":[66],"tags":[],"_links":{"self":[{"href":"http:\/\/noticiastelered.com\/PortalDNoticias\/wp-json\/wp\/v2\/posts\/51518"}],"collection":[{"href":"http:\/\/noticiastelered.com\/PortalDNoticias\/wp-json\/wp\/v2\/posts"}],"about":[{"href":"http:\/\/noticiastelered.com\/PortalDNoticias\/wp-json\/wp\/v2\/types\/post"}],"author":[{"embeddable":true,"href":"http:\/\/noticiastelered.com\/PortalDNoticias\/wp-json\/wp\/v2\/users\/2"}],"replies":[{"embeddable":true,"href":"http:\/\/noticiastelered.com\/PortalDNoticias\/wp-json\/wp\/v2\/comments?post=51518"}],"version-history":[{"count":1,"href":"http:\/\/noticiastelered.com\/PortalDNoticias\/wp-json\/wp\/v2\/posts\/51518\/revisions"}],"predecessor-version":[{"id":51521,"href":"http:\/\/noticiastelered.com\/PortalDNoticias\/wp-json\/wp\/v2\/posts\/51518\/revisions\/51521"}],"wp:featuredmedia":[{"embeddable":true,"href":"http:\/\/noticiastelered.com\/PortalDNoticias\/wp-json\/wp\/v2\/media\/51520"}],"wp:attachment":[{"href":"http:\/\/noticiastelered.com\/PortalDNoticias\/wp-json\/wp\/v2\/media?parent=51518"}],"wp:term":[{"taxonomy":"category","embeddable":true,"href":"http:\/\/noticiastelered.com\/PortalDNoticias\/wp-json\/wp\/v2\/categories?post=51518"},{"taxonomy":"post_tag","embeddable":true,"href":"http:\/\/noticiastelered.com\/PortalDNoticias\/wp-json\/wp\/v2\/tags?post=51518"}],"curies":[{"name":"wp","href":"https:\/\/api.w.org\/{rel}","templated":true}]}}