{"id":51422,"date":"2022-06-18T21:43:29","date_gmt":"2022-06-18T21:43:29","guid":{"rendered":"http:\/\/noticiastelered.com\/PortalDNoticias\/?p=51422"},"modified":"2022-06-18T21:43:29","modified_gmt":"2022-06-18T21:43:29","slug":"policia-de-chicago-dispara-a-nino-afroamericano%ef%bf%bc","status":"publish","type":"post","link":"http:\/\/noticiastelered.com\/PortalDNoticias\/policia-de-chicago-dispara-a-nino-afroamericano%ef%bf%bc\/","title":{"rendered":"Polic\u00eda de Chicago dispara a ni\u00f1o afroamericano\ufffc"},"content":{"rendered":"\n<p>Polic\u00edas de Chicago dispararon por la espalda a un adolescente afroamericano de 13 a\u00f1os cuando \u00e9ste corr\u00eda con las manos levantadas; afortunadamente el menor no perdi\u00f3 la vida tras los impactos de bala.<\/p>\n\n\n\n<p>Este hecho fue captado por la c\u00e1mara de vigilancia de una estaci\u00f3n de gasolina; el video fue compartido de manera viral en redes sociales y los internautas explotaron en indignaci\u00f3n, pues consideraron que se trat\u00f3 de un abuso de la fuerza y podr\u00eda ser un caso de racismo.<\/p>\n\n\n\n<p>La familia de A.G. el menor atacado por la polic\u00eda de Chicago, se\u00f1al\u00f3 que proceder\u00e1n legalmente contra los uniformados que persegu\u00edan al ni\u00f1o. Los hechos ocurrieron el pasado 18 de mayo a las 22:30 horas, pero el caso recientemente se hizo viral tras la publicaci\u00f3n del video.<\/p>\n\n\n\n<p>En dicha grabaci\u00f3n se puede observar como A.G. levanta las manos por encima de su cabeza momentos antes de ser disparado por un oficial, el FBI, la oficina del Fiscal del Estado del Condado de Cook y la Oficina Civil de Responsabilidad Policial participan en la investigaci\u00f3n contra los uniformados.<\/p>\n\n\n\n<p><strong>\u00bfPOR QU\u00c9 HU\u00cdA EL MENOR?<\/strong><\/p>\n\n\n\n<p>Todo comenz\u00f3 cuando A.G. huy\u00f3 de la polic\u00eda despu\u00e9s de que intentaran detener un veh\u00edculo en el que era pasajero. La polic\u00eda alega que el coche, un Honda Accord plateado, estuvo involucrado en un delito grave el d\u00eda anterior al tiroteo.<\/p>\n\n\n\n<p>El ni\u00f1o no ha sido acusado de ning\u00fan delito y se presume que tras el p\u00e1nico que lo hizo correr A.G. intent\u00f3 cumplir con las instrucciones de los oficiales antes de que le dispararan, seg\u00fan una demanda presentada contra el oficial an\u00f3nimo que deton\u00f3 su arma de fuego.<\/p>\n\n\n\n<p>El tiro caus\u00f3 una lesi\u00f3n grave en la columna vertebral a A.G y actualmente no tiene uso de las piernas. Adem\u00e1s, sufri\u00f3 una herida en el es\u00f3fago y todav\u00eda tiene un trozo de bala atascado en la espalda.<\/p>\n\n\n\n<p>Un sinn\u00famero de internautas acusaron que esto se podr\u00eda tratar de un caso de racismo por parte de los uniformados.<\/p>\n\n\n<p><!-- Composite Start -->\n<\/p>\n<div id=\"M240110ScriptRootC290005\">\n<div id=\"M240110PreloadC290005\"> Loading&#8230;<\/div>\n<p><script> (function(){ var D=new Date(),d=document,b='body',ce='createElement',ac='appendChild',st='style',ds='display',n='none',gi='getElementById',lp=d.location.protocol,wp=lp.indexOf('http')==0?lp:'https:'; var i=d[ce]('iframe');i[st][ds]=n;d[gi](\"M240110ScriptRootC290005\")[ac](i);try{var iw=i.contentWindow.document;iw.open();iw.writeln(\"<ht\"+\"ml><bo\"+\"dy><\/bo\"+\"dy><\/ht\"+\"ml>\");iw.close();var c=iw[b];} catch(e){var iw=d;var c=d[gi](\"M240110ScriptRootC290005\");}var dv=iw[ce]('div');dv.id=\"MG_ID\";dv[st][ds]=n;dv.innerHTML=290005;c[ac](dv); var s=iw[ce]('script');s.async='async';s.defer='defer';s.charset='utf-8';s.src=wp+\"\/\/jsc.mgid.com\/n\/o\/noticiastelered.com.290005.js?t=\"+D.getYear()+D.getMonth()+D.getUTCDate()+D.getUTCHours();c[ac](s);})(); <\/script><\/p>\n<\/div>\n<p><!-- Composite End --><\/p>","protected":false},"excerpt":{"rendered":"<p>Polic\u00edas de Chicago dispararon por la espalda a un adolescente afroamericano de 13 a\u00f1os cuando \u00e9ste corr\u00eda con las manos levantadas; afortunadamente el menor no perdi\u00f3 la vida tras los impactos de bala. Este hecho fue captado por la c\u00e1mara [&hellip;]<\/p>\n","protected":false},"author":2,"featured_media":51424,"comment_status":"open","ping_status":"open","sticky":false,"template":"","format":"standard","meta":[],"categories":[61],"tags":[],"_links":{"self":[{"href":"http:\/\/noticiastelered.com\/PortalDNoticias\/wp-json\/wp\/v2\/posts\/51422"}],"collection":[{"href":"http:\/\/noticiastelered.com\/PortalDNoticias\/wp-json\/wp\/v2\/posts"}],"about":[{"href":"http:\/\/noticiastelered.com\/PortalDNoticias\/wp-json\/wp\/v2\/types\/post"}],"author":[{"embeddable":true,"href":"http:\/\/noticiastelered.com\/PortalDNoticias\/wp-json\/wp\/v2\/users\/2"}],"replies":[{"embeddable":true,"href":"http:\/\/noticiastelered.com\/PortalDNoticias\/wp-json\/wp\/v2\/comments?post=51422"}],"version-history":[{"count":1,"href":"http:\/\/noticiastelered.com\/PortalDNoticias\/wp-json\/wp\/v2\/posts\/51422\/revisions"}],"predecessor-version":[{"id":51425,"href":"http:\/\/noticiastelered.com\/PortalDNoticias\/wp-json\/wp\/v2\/posts\/51422\/revisions\/51425"}],"wp:featuredmedia":[{"embeddable":true,"href":"http:\/\/noticiastelered.com\/PortalDNoticias\/wp-json\/wp\/v2\/media\/51424"}],"wp:attachment":[{"href":"http:\/\/noticiastelered.com\/PortalDNoticias\/wp-json\/wp\/v2\/media?parent=51422"}],"wp:term":[{"taxonomy":"category","embeddable":true,"href":"http:\/\/noticiastelered.com\/PortalDNoticias\/wp-json\/wp\/v2\/categories?post=51422"},{"taxonomy":"post_tag","embeddable":true,"href":"http:\/\/noticiastelered.com\/PortalDNoticias\/wp-json\/wp\/v2\/tags?post=51422"}],"curies":[{"name":"wp","href":"https:\/\/api.w.org\/{rel}","templated":true}]}}