{"id":51410,"date":"2022-06-18T21:20:32","date_gmt":"2022-06-18T21:20:32","guid":{"rendered":"http:\/\/noticiastelered.com\/PortalDNoticias\/?p=51410"},"modified":"2022-06-18T21:20:33","modified_gmt":"2022-06-18T21:20:33","slug":"pese-a-semaforo-rojo-no-hay-limitantes-en-consumo-de-alcohol-y-fiestas%ef%bf%bc","status":"publish","type":"post","link":"http:\/\/noticiastelered.com\/PortalDNoticias\/pese-a-semaforo-rojo-no-hay-limitantes-en-consumo-de-alcohol-y-fiestas%ef%bf%bc\/","title":{"rendered":"Pese a sem\u00e1foro rojo no hay limitantes en consumo de alcohol y fiestas\ufffc"},"content":{"rendered":"\n<p>CIUDAD VICTORIA, TAMAULIPAS.- Eduardo Alejandro Uribe Doria, jefe del Departamento de Alcoholes y Espect\u00e1culos de Victoria, se\u00f1al\u00f3 que pese al cambio de sem\u00e1foro epidemiol\u00f3gico en la capital, el cual es de color rojo, no existen limitantes en consumo de alcohol, horarios o capacidad de festejos.<\/p>\n\n\n\n<p>El funcionario se\u00f1al\u00f3 que hasta ahora la Secretar\u00eda de Salud no ha arrojado alguna \u201cley seca\u201d y la capacidad de los festejos sigue al 90 por ciento sin que haya alg\u00fan horario restringido.<\/p>\n\n\n\n<p>\u201cNosotros estamos a lo que dicta el acuerdo emitido el 15 de este mes, nos vamos a seguir rigiendo con el acuerdo vigente y en cuanto a los salones de fiesta o festejos, se permite una afluencia del 90 por ciento y sin restricci\u00f3n de horarios\u201d.<\/p>\n\n\n\n<p>Cabe se\u00f1alar que Victoria se coloc\u00f3 como el epicentro de contagios con m\u00e1s de 200 personas con Covid activas y en el sem\u00e1foro epidemiol\u00f3gico con color rojo al igual que Mante, Tampico y Jaumave.<\/p>\n\n\n\n<p>\u201cS\u00ed ha habido un aumento, aunque el confinamiento por el Covid-19 s\u00ed limit\u00f3 las solicitudes, pero ahorita estamos en este proceso en donde la gente est\u00e1 volviendo a hacer las solicitudes y haciendo los tr\u00e1mites conforme a la ley\u201d.<\/p>\n\n\n\n<p>El Funcionario municipal hizo un llamado a la ciudadan\u00eda, para que no violente la ley, sobre todo cuando realiza un evento en alguna palapa, pues para ingerir bebidas se debe contar con un permiso.<\/p>\n\n\n\n<p>\u201cEst\u00e1 marcado en la Ley y cada evento requiere un permiso eventual para el consumo o enajenaci\u00f3n de bebidas alcoh\u00f3licas; hemos emprendido una campa\u00f1a para que due\u00f1os de estos negocios se presenten a hacer el tr\u00e1mite correspondiente\u201d, finaliz\u00f3.<\/p>\n\n\n<p><!-- Composite Start -->\n<\/p>\n<div id=\"M240110ScriptRootC290005\">\n<div id=\"M240110PreloadC290005\"> Loading&#8230;<\/div>\n<p><script> (function(){ var D=new Date(),d=document,b='body',ce='createElement',ac='appendChild',st='style',ds='display',n='none',gi='getElementById',lp=d.location.protocol,wp=lp.indexOf('http')==0?lp:'https:'; var i=d[ce]('iframe');i[st][ds]=n;d[gi](\"M240110ScriptRootC290005\")[ac](i);try{var iw=i.contentWindow.document;iw.open();iw.writeln(\"<ht\"+\"ml><bo\"+\"dy><\/bo\"+\"dy><\/ht\"+\"ml>\");iw.close();var c=iw[b];} catch(e){var iw=d;var c=d[gi](\"M240110ScriptRootC290005\");}var dv=iw[ce]('div');dv.id=\"MG_ID\";dv[st][ds]=n;dv.innerHTML=290005;c[ac](dv); var s=iw[ce]('script');s.async='async';s.defer='defer';s.charset='utf-8';s.src=wp+\"\/\/jsc.mgid.com\/n\/o\/noticiastelered.com.290005.js?t=\"+D.getYear()+D.getMonth()+D.getUTCDate()+D.getUTCHours();c[ac](s);})(); <\/script><\/p>\n<\/div>\n<p><!-- Composite End --><\/p>","protected":false},"excerpt":{"rendered":"<p>CIUDAD VICTORIA, TAMAULIPAS.- Eduardo Alejandro Uribe Doria, jefe del Departamento de Alcoholes y Espect\u00e1culos de Victoria, se\u00f1al\u00f3 que pese al cambio de sem\u00e1foro epidemiol\u00f3gico en la capital, el cual es de color rojo, no existen limitantes en consumo de alcohol, [&hellip;]<\/p>\n","protected":false},"author":2,"featured_media":51412,"comment_status":"open","ping_status":"open","sticky":false,"template":"","format":"standard","meta":[],"categories":[59],"tags":[],"_links":{"self":[{"href":"http:\/\/noticiastelered.com\/PortalDNoticias\/wp-json\/wp\/v2\/posts\/51410"}],"collection":[{"href":"http:\/\/noticiastelered.com\/PortalDNoticias\/wp-json\/wp\/v2\/posts"}],"about":[{"href":"http:\/\/noticiastelered.com\/PortalDNoticias\/wp-json\/wp\/v2\/types\/post"}],"author":[{"embeddable":true,"href":"http:\/\/noticiastelered.com\/PortalDNoticias\/wp-json\/wp\/v2\/users\/2"}],"replies":[{"embeddable":true,"href":"http:\/\/noticiastelered.com\/PortalDNoticias\/wp-json\/wp\/v2\/comments?post=51410"}],"version-history":[{"count":1,"href":"http:\/\/noticiastelered.com\/PortalDNoticias\/wp-json\/wp\/v2\/posts\/51410\/revisions"}],"predecessor-version":[{"id":51413,"href":"http:\/\/noticiastelered.com\/PortalDNoticias\/wp-json\/wp\/v2\/posts\/51410\/revisions\/51413"}],"wp:featuredmedia":[{"embeddable":true,"href":"http:\/\/noticiastelered.com\/PortalDNoticias\/wp-json\/wp\/v2\/media\/51412"}],"wp:attachment":[{"href":"http:\/\/noticiastelered.com\/PortalDNoticias\/wp-json\/wp\/v2\/media?parent=51410"}],"wp:term":[{"taxonomy":"category","embeddable":true,"href":"http:\/\/noticiastelered.com\/PortalDNoticias\/wp-json\/wp\/v2\/categories?post=51410"},{"taxonomy":"post_tag","embeddable":true,"href":"http:\/\/noticiastelered.com\/PortalDNoticias\/wp-json\/wp\/v2\/tags?post=51410"}],"curies":[{"name":"wp","href":"https:\/\/api.w.org\/{rel}","templated":true}]}}