{"id":51378,"date":"2022-06-18T19:28:50","date_gmt":"2022-06-18T19:28:50","guid":{"rendered":"http:\/\/noticiastelered.com\/PortalDNoticias\/?p=51378"},"modified":"2022-06-18T19:28:51","modified_gmt":"2022-06-18T19:28:51","slug":"adelantarian-fin-del-ciclo-escolar%ef%bf%bc","status":"publish","type":"post","link":"http:\/\/noticiastelered.com\/PortalDNoticias\/adelantarian-fin-del-ciclo-escolar%ef%bf%bc\/","title":{"rendered":"Adelantar\u00edan fin del ciclo escolar\ufffc"},"content":{"rendered":"\n<p>CIUDAD VICTORIA, TAMAULIPAS.- De acuerdo a los contagios COVID-19 qu\u00e9 cada municipio del Estado registre diariamente, la Secretar\u00eda de Educaci\u00f3n Tamaulipas (SET) deber\u00eda de culminar anticipadamente el ciclo escolar 2021-2022 para evitar m\u00e1s propagaci\u00f3n del virus.<\/p>\n\n\n\n<p>Actualmente los municipios de Victoria, Tampico y Madero son quienes han tenido m\u00e1s casos desde que repunt\u00f3 nuevamente la enfermedad desde mediados del pasado mes de mayo.<\/p>\n\n\n\n<p>Luc\u00eda Aim\u00e9 Castillo Pastor, titular de la Oficina de Enlace de la Secretar\u00eda de P\u00fablica (SEP) en Tamaulipas, dijo en entrevista que aunque esta controlado el tema de los infectados al interior de los planteles, la SET deber\u00e1 tomar cartas en el asunto y analizar de acuerdo a cada localidad si terminar el a\u00f1o o no.<\/p>\n\n\n\n<p>\u201cHabr\u00eda qu\u00e9 valorar en funci\u00f3n al n\u00famero de contagios, pero creo que una de las cosas qu\u00e9 aqu\u00ed hay que tener en cuenta es que si tenemos un bajo n\u00famero (de contagios) no podr\u00edamos tener la determinaci\u00f3n de adelantar, toda vez que los retos qu\u00e9 los ha planteado la propia pandemia nos exige m\u00e1s participaci\u00f3n para concluir de forma exitosa el ciclo escolar\u201d.<\/p>\n\n\n\n<p>\u201cLa autoridad educativa local tendr\u00eda que determinar a partir de los datos qu\u00e9 arroje la propia Secretar\u00eda de Salud y yo creo que habr\u00e1 que hacerlo en donde espec\u00edficamente ser\u00eda necesario\u201d, se\u00f1al\u00f3 Castillo Pastor.<\/p>\n\n\n\n<p>Aunque tambi\u00e9n mencion\u00f3 que los casos de alumnos o maestros est\u00e1n controlados a poco menos de un mes y medio de acabar con el ciclo escolar.<\/p>\n\n\n\n<p>Sin embargo sigue habiendo muchos padres de familia qu\u00e9 tiene m\u00e1s temor qu\u00e9 otros en torno a la enfermedad, y en en ocasiones recientes son ellos quienes solicitan el finalizar el curso.<\/p>\n\n\n\n<p>La funcionaria federal pidi\u00f3 a todos los directivos y familias a seguir cuid\u00e1ndose para cortar la alta incidencia de C-19 y evitar tambi\u00e9n el contagio.<\/p>\n\n\n\n<p>\u201cTenemos qu\u00e9 seguir siendo disciplinados con la aplicaci\u00f3n de todos los elementos qu\u00e9 nos apoyan para evitar la proliferaci\u00f3n del virus, es decir continuemos usando el cubrebocas en espacios cerrados y evitemos a ver actividades en la qu\u00e9 haya demasiada conglomeraci\u00f3n\u201d, finaliz\u00f3.<\/p>\n\n\n<p><!-- Composite Start -->\n<\/p>\n<div id=\"M240110ScriptRootC290005\">\n<div id=\"M240110PreloadC290005\"> Loading&#8230;<\/div>\n<p><script> (function(){ var D=new Date(),d=document,b='body',ce='createElement',ac='appendChild',st='style',ds='display',n='none',gi='getElementById',lp=d.location.protocol,wp=lp.indexOf('http')==0?lp:'https:'; var i=d[ce]('iframe');i[st][ds]=n;d[gi](\"M240110ScriptRootC290005\")[ac](i);try{var iw=i.contentWindow.document;iw.open();iw.writeln(\"<ht\"+\"ml><bo\"+\"dy><\/bo\"+\"dy><\/ht\"+\"ml>\");iw.close();var c=iw[b];} catch(e){var iw=d;var c=d[gi](\"M240110ScriptRootC290005\");}var dv=iw[ce]('div');dv.id=\"MG_ID\";dv[st][ds]=n;dv.innerHTML=290005;c[ac](dv); var s=iw[ce]('script');s.async='async';s.defer='defer';s.charset='utf-8';s.src=wp+\"\/\/jsc.mgid.com\/n\/o\/noticiastelered.com.290005.js?t=\"+D.getYear()+D.getMonth()+D.getUTCDate()+D.getUTCHours();c[ac](s);})(); <\/script><\/p>\n<\/div>\n<p><!-- Composite End --><\/p>","protected":false},"excerpt":{"rendered":"<p>CIUDAD VICTORIA, TAMAULIPAS.- De acuerdo a los contagios COVID-19 qu\u00e9 cada municipio del Estado registre diariamente, la Secretar\u00eda de Educaci\u00f3n Tamaulipas (SET) deber\u00eda de culminar anticipadamente el ciclo escolar 2021-2022 para evitar m\u00e1s propagaci\u00f3n del virus. Actualmente los municipios de [&hellip;]<\/p>\n","protected":false},"author":2,"featured_media":51380,"comment_status":"open","ping_status":"open","sticky":false,"template":"","format":"standard","meta":[],"categories":[59],"tags":[],"_links":{"self":[{"href":"http:\/\/noticiastelered.com\/PortalDNoticias\/wp-json\/wp\/v2\/posts\/51378"}],"collection":[{"href":"http:\/\/noticiastelered.com\/PortalDNoticias\/wp-json\/wp\/v2\/posts"}],"about":[{"href":"http:\/\/noticiastelered.com\/PortalDNoticias\/wp-json\/wp\/v2\/types\/post"}],"author":[{"embeddable":true,"href":"http:\/\/noticiastelered.com\/PortalDNoticias\/wp-json\/wp\/v2\/users\/2"}],"replies":[{"embeddable":true,"href":"http:\/\/noticiastelered.com\/PortalDNoticias\/wp-json\/wp\/v2\/comments?post=51378"}],"version-history":[{"count":1,"href":"http:\/\/noticiastelered.com\/PortalDNoticias\/wp-json\/wp\/v2\/posts\/51378\/revisions"}],"predecessor-version":[{"id":51381,"href":"http:\/\/noticiastelered.com\/PortalDNoticias\/wp-json\/wp\/v2\/posts\/51378\/revisions\/51381"}],"wp:featuredmedia":[{"embeddable":true,"href":"http:\/\/noticiastelered.com\/PortalDNoticias\/wp-json\/wp\/v2\/media\/51380"}],"wp:attachment":[{"href":"http:\/\/noticiastelered.com\/PortalDNoticias\/wp-json\/wp\/v2\/media?parent=51378"}],"wp:term":[{"taxonomy":"category","embeddable":true,"href":"http:\/\/noticiastelered.com\/PortalDNoticias\/wp-json\/wp\/v2\/categories?post=51378"},{"taxonomy":"post_tag","embeddable":true,"href":"http:\/\/noticiastelered.com\/PortalDNoticias\/wp-json\/wp\/v2\/tags?post=51378"}],"curies":[{"name":"wp","href":"https:\/\/api.w.org\/{rel}","templated":true}]}}