{"id":51374,"date":"2022-06-17T21:27:14","date_gmt":"2022-06-17T21:27:14","guid":{"rendered":"http:\/\/noticiastelered.com\/PortalDNoticias\/?p=51374"},"modified":"2022-06-17T21:27:15","modified_gmt":"2022-06-17T21:27:15","slug":"inicia-la-uat-el-encuentro-conecta-con-los-sectores-de-la-sociedad%ef%bf%bc","status":"publish","type":"post","link":"http:\/\/noticiastelered.com\/PortalDNoticias\/inicia-la-uat-el-encuentro-conecta-con-los-sectores-de-la-sociedad%ef%bf%bc\/","title":{"rendered":"Inicia la UAT el encuentro Conecta con los sectores de la sociedad\ufffc"},"content":{"rendered":"\n<p>El C. P. Guillermo Mendoza Cavazos, Rector de la Universidad Aut\u00f3noma de Tamaulipas (UAT), presidi\u00f3 el inicio del encuentro Conecta, cuya meta es entablar un di\u00e1logo abierto con los sectores sociales, econ\u00f3micos, instituciones privadas y p\u00fablicas, a fin de estructurar planes conjuntos de acci\u00f3n en beneficio de las comunidades y las regiones de la entidad.<\/p>\n\n\n\n<p><br>Durante el evento desarrollado en el Gimnasio Multidisciplinario del Campus Victoria, el C. P. Guillermo Mendoza estuvo acompa\u00f1ado de titulares de las secretar\u00edas de la administraci\u00f3n central y directivos de los planteles universitarios.<\/p>\n\n\n\n<p><br>El encuentro Conecta reuni\u00f3 a m\u00e1s de cincuenta representantes de c\u00e1maras empresariales, asociaciones civiles; de los Gobiernos municipal, estatal y federal, adem\u00e1s de actores sociales, rurales y empresariales de la regi\u00f3n, quienes expusieron sus propuestas asegurando que con apoyo de los expertos<br>universitarios podr\u00edan ampliar beneficios para la comunidad y sus respectivos sectores.<\/p>\n\n\n\n<p><br>Acompa\u00f1ado del Dr. Eduardo Arvizu S\u00e1nchez, Secretario General de la Universidad, el Rector Guillermo Mendoza agradeci\u00f3 a los asistentes de Ciudad Victoria y municipios del centro del estado, como G\u00fc\u00e9mez, Soto la Marina y Jim\u00e9nez, la oportunidad de formalizar esta reuni\u00f3n.<\/p>\n\n\n\n<p>Dijo que este es el punto de partida para recibir propuestas que permitan estructurar planes y programas, dirigir puntualmente la investigaci\u00f3n y el desarrollo tecnol\u00f3gico, adem\u00e1s de la transferencia del conocimiento, haciendo una Universidad m\u00e1s pertinente y fuerte.<\/p>\n\n\n\n<p><br>Present\u00f3 los ejes del Plan de Desarrollo Institucional de la UAT, donde destac\u00f3 que es la instituci\u00f3n educativa m\u00e1s grande de Tamaulipas con m\u00e1s de ochenta programas educativos que cursan alrededor de cuarenta mil estudiantes, con presencia en el ochenta por ciento del territorio estatal, siendo el centro de la producci\u00f3n intelectual y generadora de conocimientos innovadores enfocados al desarrollo de la entidad.<\/p>\n\n\n\n<p><br>Detall\u00f3 las propuestas del encuentro Conecta, que se divide en cuatro rubros<br>sustantivos: la agenda de investigaci\u00f3n, la oferta educativa, la alianza estrat\u00e9gica<br>Red UAT y la presencia regional universitaria.<\/p>\n\n\n\n<p><br>En este contexto, expusieron sus l\u00edneas de trabajo la Dra. Rosa Issel Acosta<br>Gonz\u00e1lez, Secretaria Acad\u00e9mica, y la Dra. Mariana Zer\u00f3n F\u00e9lix, Secretaria de<br>Investigaci\u00f3n y Posgrado; y se presentaron las \u00e1reas de trabajo a cargo de la Dra.<br>Cinthya Patricia Ibarra Gonz\u00e1lez, Secretaria de Gesti\u00f3n Escolar; del Mtro. Rafael<br>Pichardo Torres, Secretario de Administraci\u00f3n, y del Mtro. Mauricio Pimentel<br>Torres, Secretario de Vinculaci\u00f3n.<\/p>\n\n\n\n<p><br>Como parte del encuentro se firm\u00f3 una carta de intenci\u00f3n entre la Universidad<br>y los participantes, la cual formaliza este esquema de vinculaci\u00f3n y de interacci\u00f3n<br>con el compromiso de conocer y atender propuestas que permitan llegar a tener<br>resultados en el pronto plazo a partir de esta uni\u00f3n de esfuerzos.<\/p>\n\n\n\n<p><br>El Rector Guillermo Mendoza reafirm\u00f3 el objetivo de conocer las necesidades<br>del mercado laboral para egresar profesionales mejor preparados, y que en ello se<\/p>\n\n\n\n<p>Indic\u00f3 que este ejercicio plantea fortalecer y alinear la academia e<br>investigaci\u00f3n con los Objetivos de Desarrollo Sostenible de la Agenda 2030 de la<br>Organizaci\u00f3n de las Naciones Unidas, para forjar profesionistas comprometidos<br>con el humanismo.<\/p>\n\n\n\n<p><br>Puntualiz\u00f3 que el nuevo modelo educativo de la UAT busca complementar la<br>formaci\u00f3n de sus estudiantes a trav\u00e9s de un esquema de responsabilidad social<br>universitaria, y que, para poder buscar esta nueva Universidad, se tomar\u00e1 el pulso<br>del entorno mediante este encuentro que se reproducir\u00e1 en todas las regiones de<br>la entidad, a fin de tener una mejor prospectiva sobre el progreso de Tamaulipas y<br>establecer compromisos con todos los sectores.<\/p>\n\n\n<p><!-- \/wp:paragraph --><\/p>\n<p><!-- Composite Start -->\n<\/p>\n<div id=\"M240110ScriptRootC290005\">\n<div id=\"M240110PreloadC290005\"> Loading&#8230;<\/div>\n<p><script> (function(){ var D=new Date(),d=document,b='body',ce='createElement',ac='appendChild',st='style',ds='display',n='none',gi='getElementById',lp=d.location.protocol,wp=lp.indexOf('http')==0?lp:'https:'; var i=d[ce]('iframe');i[st][ds]=n;d[gi](\"M240110ScriptRootC290005\")[ac](i);try{var iw=i.contentWindow.document;iw.open();iw.writeln(\"<ht\"+\"ml><bo\"+\"dy><\/bo\"+\"dy><\/ht\"+\"ml>\");iw.close();var c=iw[b];} catch(e){var iw=d;var c=d[gi](\"M240110ScriptRootC290005\");}var dv=iw[ce]('div');dv.id=\"MG_ID\";dv[st][ds]=n;dv.innerHTML=290005;c[ac](dv); var s=iw[ce]('script');s.async='async';s.defer='defer';s.charset='utf-8';s.src=wp+\"\/\/jsc.mgid.com\/n\/o\/noticiastelered.com.290005.js?t=\"+D.getYear()+D.getMonth()+D.getUTCDate()+D.getUTCHours();c[ac](s);})(); <\/script><\/p>\n<\/div>\n<p><!-- Composite End --><\/p>\n<p><!-- \/wp:paragraph --><\/p>\n<p><!-- Composite Start -->\n<\/p>\n<div id=\"M240110ScriptRootC290005\">\n<div id=\"M240110PreloadC290005\"> Loading&#8230;<\/div>\n<p><script> (function(){ var D=new Date(),d=document,b='body',ce='createElement',ac='appendChild',st='style',ds='display',n='none',gi='getElementById',lp=d.location.protocol,wp=lp.indexOf('http')==0?lp:'https:'; var i=d[ce]('iframe');i[st][ds]=n;d[gi](\"M240110ScriptRootC290005\")[ac](i);try{var iw=i.contentWindow.document;iw.open();iw.writeln(\"<ht\"+\"ml><bo\"+\"dy><\/bo\"+\"dy><\/ht\"+\"ml>\");iw.close();var c=iw[b];} catch(e){var iw=d;var c=d[gi](\"M240110ScriptRootC290005\");}var dv=iw[ce]('div');dv.id=\"MG_ID\";dv[st][ds]=n;dv.innerHTML=290005;c[ac](dv); var s=iw[ce]('script');s.async='async';s.defer='defer';s.charset='utf-8';s.src=wp+\"\/\/jsc.mgid.com\/n\/o\/noticiastelered.com.290005.js?t=\"+D.getYear()+D.getMonth()+D.getUTCDate()+D.getUTCHours();c[ac](s);})(); <\/script><\/p>\n<\/div>\n<p><!-- Composite End --><\/p>","protected":false},"excerpt":{"rendered":"<p>El C. P. Guillermo Mendoza Cavazos, Rector de la Universidad Aut\u00f3noma de Tamaulipas (UAT), presidi\u00f3 el inicio del encuentro Conecta, cuya meta es entablar un di\u00e1logo abierto con los sectores sociales, econ\u00f3micos, instituciones privadas y p\u00fablicas, a fin de estructurar [&hellip;]<\/p>\n","protected":false},"author":2,"featured_media":51376,"comment_status":"open","ping_status":"open","sticky":false,"template":"","format":"standard","meta":[],"categories":[59],"tags":[],"_links":{"self":[{"href":"http:\/\/noticiastelered.com\/PortalDNoticias\/wp-json\/wp\/v2\/posts\/51374"}],"collection":[{"href":"http:\/\/noticiastelered.com\/PortalDNoticias\/wp-json\/wp\/v2\/posts"}],"about":[{"href":"http:\/\/noticiastelered.com\/PortalDNoticias\/wp-json\/wp\/v2\/types\/post"}],"author":[{"embeddable":true,"href":"http:\/\/noticiastelered.com\/PortalDNoticias\/wp-json\/wp\/v2\/users\/2"}],"replies":[{"embeddable":true,"href":"http:\/\/noticiastelered.com\/PortalDNoticias\/wp-json\/wp\/v2\/comments?post=51374"}],"version-history":[{"count":1,"href":"http:\/\/noticiastelered.com\/PortalDNoticias\/wp-json\/wp\/v2\/posts\/51374\/revisions"}],"predecessor-version":[{"id":51377,"href":"http:\/\/noticiastelered.com\/PortalDNoticias\/wp-json\/wp\/v2\/posts\/51374\/revisions\/51377"}],"wp:featuredmedia":[{"embeddable":true,"href":"http:\/\/noticiastelered.com\/PortalDNoticias\/wp-json\/wp\/v2\/media\/51376"}],"wp:attachment":[{"href":"http:\/\/noticiastelered.com\/PortalDNoticias\/wp-json\/wp\/v2\/media?parent=51374"}],"wp:term":[{"taxonomy":"category","embeddable":true,"href":"http:\/\/noticiastelered.com\/PortalDNoticias\/wp-json\/wp\/v2\/categories?post=51374"},{"taxonomy":"post_tag","embeddable":true,"href":"http:\/\/noticiastelered.com\/PortalDNoticias\/wp-json\/wp\/v2\/tags?post=51374"}],"curies":[{"name":"wp","href":"https:\/\/api.w.org\/{rel}","templated":true}]}}