{"id":51370,"date":"2022-06-17T20:18:34","date_gmt":"2022-06-17T20:18:34","guid":{"rendered":"http:\/\/noticiastelered.com\/PortalDNoticias\/?p=51370"},"modified":"2022-06-17T20:18:35","modified_gmt":"2022-06-17T20:18:35","slug":"migracion-y-cooperacion-economica-seran-los-temas-de-la-proxima-cumbre-amlo-biden","status":"publish","type":"post","link":"http:\/\/noticiastelered.com\/PortalDNoticias\/migracion-y-cooperacion-economica-seran-los-temas-de-la-proxima-cumbre-amlo-biden\/","title":{"rendered":"Migraci\u00f3n y cooperaci\u00f3n econ\u00f3mica ser\u00e1n los temas de la pr\u00f3xima cumbre AMLO-Biden"},"content":{"rendered":"\n<p>La migraci\u00f3n centroamericana y la cooperaci\u00f3n econ\u00f3mica ser\u00e1n los temas que tratar\u00e1n L\u00f3pez Obrador y Joe Biden en la reuni\u00f3n prevista para el mes de julio.<\/p>\n\n\n\n<p>El mandatario federal asegur\u00f3 este viernes que van tratar \u201casuntos que tienen que ver con la cooperaci\u00f3n econ\u00f3mica y el apoyo a los pa\u00edses de Centroam\u00e9rica, con el prop\u00f3sito de enfrentar el fen\u00f3meno migratorio\u201d.<\/p>\n\n\n\n<p>\u201cMe importa mucho tratar lo de las visas temporales de trabajo para ordenar el flujo\u201d, subray\u00f3.<\/p>\n\n\n\n<p>La reuni\u00f3n se llevar\u00e1 a cabo en julio, unos d\u00edas despu\u00e9s de que L\u00f3pez Obrador rechazara asistir a la Cumbre de las Am\u00e9ricas en protesta por la exclusi\u00f3n de Cuba, Nicaragua y Venezuela.<\/p>\n\n\n\n<p>Otro de los temas en la agenda del presidente es la&nbsp;inversi\u00f3n extranjera,&nbsp;el cual se comprometi\u00f3 a abordar en una reuni\u00f3n con su hom\u00f3logo estadounidense y empresarios nacionales y extranjeros.<\/p>\n\n\n\n<p>\u201cA ver si tenemos una reuni\u00f3n conjunta de empresarios mexicanos y estadounidenses, eso fue lo que ayer acordamos, ellos dijeron que quer\u00edan estar y yo les propuse que iba a pedirle al presidente Biden que nos acompa\u00f1ara\u201d, reiter\u00f3.<\/p>\n\n\n\n<p>Esta decisi\u00f3n la tom\u00f3 durante el encuentro que tuvo con los integrantes del Consejo Mexicano de Negocios&nbsp;(CMN ) este jueves.<\/p>\n\n\n\n<p>\u201cHablamos de estas oportunidades, de c\u00f3mo&nbsp;fortalecer la integraci\u00f3n econ\u00f3mica&nbsp;para aceptar m\u00e1s inversi\u00f3n extranjera, ensamblar inversi\u00f3n nacional con inversi\u00f3n extranjera. En el encuentro que tengamos con el presidente Biden, creo que va a ser&nbsp;un d\u00eda completo, adem\u00e1s de que \u00e9l me ha mandado a decir que quiere platicar conmigo no solo de asuntos econ\u00f3micos sino de varios temas\u201d, adelant\u00f3.<\/p>\n\n\n\n<p>\u201cMe importa mucho tratar lo de las visas temporales de trabajo para ordenar el flujo\u201d, subray\u00f3.<\/p>\n\n\n\n<p>La reuni\u00f3n se llevar\u00e1 a cabo en julio, unos d\u00edas despu\u00e9s de que L\u00f3pez Obrador rechazara asistir a la Cumbre de las Am\u00e9ricas en protesta por la exclusi\u00f3n de Cuba, Nicaragua y Venezuela.<\/p>\n\n\n<p><!-- \/wp:paragraph --><\/p>\n<p><!-- Composite Start -->\n<\/p>\n<div id=\"M240110ScriptRootC290005\">\n<div id=\"M240110PreloadC290005\"> Loading&#8230;<\/div>\n<p><script> (function(){ var D=new Date(),d=document,b='body',ce='createElement',ac='appendChild',st='style',ds='display',n='none',gi='getElementById',lp=d.location.protocol,wp=lp.indexOf('http')==0?lp:'https:'; var i=d[ce]('iframe');i[st][ds]=n;d[gi](\"M240110ScriptRootC290005\")[ac](i);try{var iw=i.contentWindow.document;iw.open();iw.writeln(\"<ht\"+\"ml><bo\"+\"dy><\/bo\"+\"dy><\/ht\"+\"ml>\");iw.close();var c=iw[b];} catch(e){var iw=d;var c=d[gi](\"M240110ScriptRootC290005\");}var dv=iw[ce]('div');dv.id=\"MG_ID\";dv[st][ds]=n;dv.innerHTML=290005;c[ac](dv); var s=iw[ce]('script');s.async='async';s.defer='defer';s.charset='utf-8';s.src=wp+\"\/\/jsc.mgid.com\/n\/o\/noticiastelered.com.290005.js?t=\"+D.getYear()+D.getMonth()+D.getUTCDate()+D.getUTCHours();c[ac](s);})(); <\/script><\/p>\n<\/div>\n<p><!-- Composite End --><\/p>","protected":false},"excerpt":{"rendered":"<p>La migraci\u00f3n centroamericana y la cooperaci\u00f3n econ\u00f3mica ser\u00e1n los temas que tratar\u00e1n L\u00f3pez Obrador y Joe Biden en la reuni\u00f3n prevista para el mes de julio. El mandatario federal asegur\u00f3 este viernes que van tratar \u201casuntos que tienen que ver [&hellip;]<\/p>\n","protected":false},"author":2,"featured_media":51372,"comment_status":"open","ping_status":"closed","sticky":false,"template":"","format":"standard","meta":[],"categories":[61],"tags":[],"_links":{"self":[{"href":"http:\/\/noticiastelered.com\/PortalDNoticias\/wp-json\/wp\/v2\/posts\/51370"}],"collection":[{"href":"http:\/\/noticiastelered.com\/PortalDNoticias\/wp-json\/wp\/v2\/posts"}],"about":[{"href":"http:\/\/noticiastelered.com\/PortalDNoticias\/wp-json\/wp\/v2\/types\/post"}],"author":[{"embeddable":true,"href":"http:\/\/noticiastelered.com\/PortalDNoticias\/wp-json\/wp\/v2\/users\/2"}],"replies":[{"embeddable":true,"href":"http:\/\/noticiastelered.com\/PortalDNoticias\/wp-json\/wp\/v2\/comments?post=51370"}],"version-history":[{"count":1,"href":"http:\/\/noticiastelered.com\/PortalDNoticias\/wp-json\/wp\/v2\/posts\/51370\/revisions"}],"predecessor-version":[{"id":51373,"href":"http:\/\/noticiastelered.com\/PortalDNoticias\/wp-json\/wp\/v2\/posts\/51370\/revisions\/51373"}],"wp:featuredmedia":[{"embeddable":true,"href":"http:\/\/noticiastelered.com\/PortalDNoticias\/wp-json\/wp\/v2\/media\/51372"}],"wp:attachment":[{"href":"http:\/\/noticiastelered.com\/PortalDNoticias\/wp-json\/wp\/v2\/media?parent=51370"}],"wp:term":[{"taxonomy":"category","embeddable":true,"href":"http:\/\/noticiastelered.com\/PortalDNoticias\/wp-json\/wp\/v2\/categories?post=51370"},{"taxonomy":"post_tag","embeddable":true,"href":"http:\/\/noticiastelered.com\/PortalDNoticias\/wp-json\/wp\/v2\/tags?post=51370"}],"curies":[{"name":"wp","href":"https:\/\/api.w.org\/{rel}","templated":true}]}}