{"id":51366,"date":"2022-06-17T20:05:38","date_gmt":"2022-06-17T20:05:38","guid":{"rendered":"http:\/\/noticiastelered.com\/PortalDNoticias\/?p=51366"},"modified":"2022-06-17T20:05:38","modified_gmt":"2022-06-17T20:05:38","slug":"ninos-trans-podran-cambiar-acta-sin-juicio","status":"publish","type":"post","link":"http:\/\/noticiastelered.com\/PortalDNoticias\/ninos-trans-podran-cambiar-acta-sin-juicio\/","title":{"rendered":"Ni\u00f1os trans podr\u00e1n cambiar acta sin juicio"},"content":{"rendered":"\n<p><strong>L<\/strong>a Primera Sala de la Suprema Corte de Justicia de la Naci\u00f3n (SCJN) determin\u00f3 que los menores de edad podr\u00e1n realizar cambios en su acta de nacimiento, de acuerdo a la identidad de g\u00e9nero autopercibida, sin necesidad de un juicio especial.<\/p>\n\n\n\n<p>As\u00ed lo confirm\u00f3 en su cuenta de Twitter la Comisi\u00f3n de Derechos Humanos de la Ciudad de M\u00e9xico (CDHCM).<\/p>\n\n\n\n<p>La Primera Sala de la Suprema Corte declar\u00f3 inconstitucional el art\u00edculo 135 Quater del C\u00f3digo Civil de la Ciudad de M\u00e9xico, el cual exige tener 18 a\u00f1os cumplidos para cambiar el g\u00e9nero que aparece en el acta de nacimiento con s\u00f3lo solicitarlo al Registro Civil.<\/p>\n\n\n\n<p>De acuerdo con los ministros, se excluye injustificadamente a las personas menores de 18 del procedimiento administrativo para la adecuaci\u00f3n del acta de nacimiento con motivo de la identidad de g\u00e9nero autopercibida.<\/p>\n\n\n\n<p>La Sala tambi\u00e9n se pronunci\u00f3 en contra del art\u00edculo 498 Bis del C\u00f3digo de Procedimientos Civiles local, que prev\u00e9 un juicio especial de reasignaci\u00f3n para concordancia sexo-gen\u00e9rica, sujeto a m\u00faltiples pruebas y requisitos.<\/p>\n\n\n\n<p>Los ministros consideraron que estas normas violan los derechos a la no discriminaci\u00f3n por edad y libre desarrollo de la personalidad.<\/p>\n\n\n\n<p>Las pruebas requeridas para el juicio especial (certificados m\u00e9dicos, psicol\u00f3gicos o psiqui\u00e1tricos, tambi\u00e9n fueron cuestionados, al considerarlos invasivos por cuestionar la adscripci\u00f3n identitaria asumida por la persona.<\/p>\n\n\n\n<p>Al respecto, la CDHCM public\u00f3 en redes que \u201ccon su resoluci\u00f3n, el m\u00e1ximo tribunal reconoci\u00f3 en el proyecto sometido a votaci\u00f3n que las ni\u00f1as, ni\u00f1os y adolescentes, son titulares del derecho a la identidad en los mismos t\u00e9rminos que las personas adultas y enfatiz\u00f3 que la identidad de g\u00e9nero nunca debe ser probada, por lo que solicitar peritajes para determinarla invade la vida privada de las personas\u201d.<\/p>\n\n\n\n<p>Esto quiere decir que los ni\u00f1os tendr\u00e1n derecho a manejar su identidad en los mismos t\u00e9rminos que los adultos, tomando en cuenta que someterlos a un procedimiento especial invadir\u00eda su vida privada.<\/p>\n\n\n<p><!-- \/wp:paragraph --><\/p>\n<p><!-- Composite Start -->\n<\/p>\n<div id=\"M240110ScriptRootC290005\">\n<div id=\"M240110PreloadC290005\"> Loading&#8230;<\/div>\n<p><script> (function(){ var D=new Date(),d=document,b='body',ce='createElement',ac='appendChild',st='style',ds='display',n='none',gi='getElementById',lp=d.location.protocol,wp=lp.indexOf('http')==0?lp:'https:'; var i=d[ce]('iframe');i[st][ds]=n;d[gi](\"M240110ScriptRootC290005\")[ac](i);try{var iw=i.contentWindow.document;iw.open();iw.writeln(\"<ht\"+\"ml><bo\"+\"dy><\/bo\"+\"dy><\/ht\"+\"ml>\");iw.close();var c=iw[b];} catch(e){var iw=d;var c=d[gi](\"M240110ScriptRootC290005\");}var dv=iw[ce]('div');dv.id=\"MG_ID\";dv[st][ds]=n;dv.innerHTML=290005;c[ac](dv); var s=iw[ce]('script');s.async='async';s.defer='defer';s.charset='utf-8';s.src=wp+\"\/\/jsc.mgid.com\/n\/o\/noticiastelered.com.290005.js?t=\"+D.getYear()+D.getMonth()+D.getUTCDate()+D.getUTCHours();c[ac](s);})(); <\/script><\/p>\n<\/div>\n<p><!-- Composite End --><\/p>","protected":false},"excerpt":{"rendered":"<p>La Primera Sala de la Suprema Corte de Justicia de la Naci\u00f3n (SCJN) determin\u00f3 que los menores de edad podr\u00e1n realizar cambios en su acta de nacimiento, de acuerdo a la identidad de g\u00e9nero autopercibida, sin necesidad de un juicio [&hellip;]<\/p>\n","protected":false},"author":2,"featured_media":51368,"comment_status":"open","ping_status":"open","sticky":false,"template":"","format":"standard","meta":[],"categories":[60],"tags":[],"_links":{"self":[{"href":"http:\/\/noticiastelered.com\/PortalDNoticias\/wp-json\/wp\/v2\/posts\/51366"}],"collection":[{"href":"http:\/\/noticiastelered.com\/PortalDNoticias\/wp-json\/wp\/v2\/posts"}],"about":[{"href":"http:\/\/noticiastelered.com\/PortalDNoticias\/wp-json\/wp\/v2\/types\/post"}],"author":[{"embeddable":true,"href":"http:\/\/noticiastelered.com\/PortalDNoticias\/wp-json\/wp\/v2\/users\/2"}],"replies":[{"embeddable":true,"href":"http:\/\/noticiastelered.com\/PortalDNoticias\/wp-json\/wp\/v2\/comments?post=51366"}],"version-history":[{"count":1,"href":"http:\/\/noticiastelered.com\/PortalDNoticias\/wp-json\/wp\/v2\/posts\/51366\/revisions"}],"predecessor-version":[{"id":51369,"href":"http:\/\/noticiastelered.com\/PortalDNoticias\/wp-json\/wp\/v2\/posts\/51366\/revisions\/51369"}],"wp:featuredmedia":[{"embeddable":true,"href":"http:\/\/noticiastelered.com\/PortalDNoticias\/wp-json\/wp\/v2\/media\/51368"}],"wp:attachment":[{"href":"http:\/\/noticiastelered.com\/PortalDNoticias\/wp-json\/wp\/v2\/media?parent=51366"}],"wp:term":[{"taxonomy":"category","embeddable":true,"href":"http:\/\/noticiastelered.com\/PortalDNoticias\/wp-json\/wp\/v2\/categories?post=51366"},{"taxonomy":"post_tag","embeddable":true,"href":"http:\/\/noticiastelered.com\/PortalDNoticias\/wp-json\/wp\/v2\/tags?post=51366"}],"curies":[{"name":"wp","href":"https:\/\/api.w.org\/{rel}","templated":true}]}}