{"id":51362,"date":"2022-06-17T19:56:01","date_gmt":"2022-06-17T19:56:01","guid":{"rendered":"http:\/\/noticiastelered.com\/PortalDNoticias\/?p=51362"},"modified":"2022-06-17T19:56:02","modified_gmt":"2022-06-17T19:56:02","slug":"asi-luce-ryan-gosling-como-ken-para-la-pelicula-de-barbie","status":"publish","type":"post","link":"http:\/\/noticiastelered.com\/PortalDNoticias\/asi-luce-ryan-gosling-como-ken-para-la-pelicula-de-barbie\/","title":{"rendered":"As\u00ed luce Ryan Gosling como Ken para la pel\u00edcula de Barbie"},"content":{"rendered":"\n<p>Semanas atr\u00e1s se public\u00f3 la primera imagen de&nbsp;Margot Robbie, famosa por su papel de Harley Quinn en el Universo Cinematogr\u00e1fico DC, como la ic\u00f3nica mu\u00f1eca&nbsp;Barbie.<\/p>\n\n\n\n<p>A trav\u00e9s de la su cuenta de Twitter, Warner public\u00f3 la imagen de la actriz ataviada con una diadema azul de lunares blancos y top a juego mientras se encuentra en el asiento de su cl\u00e1sico Chevrolet convertible rosa, en lo que parece la entrada de su paradis\u00edaca y tambi\u00e9n rosada residencia.<\/p>\n\n\n\n<p>Sin duda, una imagen muy acorde y en completa consonancia con el id\u00edlico estilo de vida tan representativo que defini\u00f3 a la famosa mu\u00f1eca de la juguetera Mattel desde su&nbsp;lanzamiento en 1959.<\/p>\n\n\n\n<p>Pero adem\u00e1s de Barbie, no pod\u00eda faltar su inseparable compa\u00f1ero&nbsp;Ken, quien para este filme dirigido por Greta Gerwig ser\u00e1 interpretado por&nbsp;Ryan Gosling.<\/p>\n\n\n\n<p>Fue la misma productora quien se encarg\u00f3 de publicar la imagen del actor ya transformado en su personaje. Luce el cabello claro, piel muy bronceada, un cuerpo muy atl\u00e9tico y luciendo un conjunto de pantal\u00f3n y chaleco de mezclilla. Tambi\u00e9n parece que est\u00e1 en la mansi\u00f3n de Barbie.<\/p>\n\n\n\n<p>Junto a Margot Robbie y Ryan Gosling tambi\u00e9n estar\u00e1n Will Ferrell como el CEO de una compa\u00f1\u00eda de juguetes, as\u00ed como Simu Liu, Kate MCkinnon, Alexandra Shipp, Emma Mackey, Ariana Greenblatt y Am\u00e9rica Ferrera en papeles a\u00fan no revelados.<\/p>\n\n\n\n<p>La fecha de lanzamiento de la pel\u00edcula est\u00e1 prevista para el 21 de julio de 2023.<\/p>\n\n\n<p><!-- \/wp:paragraph --><\/p>\n<p><!-- Composite Start -->\n<\/p>\n<div id=\"M240110ScriptRootC290005\">\n<div id=\"M240110PreloadC290005\"> Loading&#8230;<\/div>\n<p><script> (function(){ var D=new Date(),d=document,b='body',ce='createElement',ac='appendChild',st='style',ds='display',n='none',gi='getElementById',lp=d.location.protocol,wp=lp.indexOf('http')==0?lp:'https:'; var i=d[ce]('iframe');i[st][ds]=n;d[gi](\"M240110ScriptRootC290005\")[ac](i);try{var iw=i.contentWindow.document;iw.open();iw.writeln(\"<ht\"+\"ml><bo\"+\"dy><\/bo\"+\"dy><\/ht\"+\"ml>\");iw.close();var c=iw[b];} catch(e){var iw=d;var c=d[gi](\"M240110ScriptRootC290005\");}var dv=iw[ce]('div');dv.id=\"MG_ID\";dv[st][ds]=n;dv.innerHTML=290005;c[ac](dv); var s=iw[ce]('script');s.async='async';s.defer='defer';s.charset='utf-8';s.src=wp+\"\/\/jsc.mgid.com\/n\/o\/noticiastelered.com.290005.js?t=\"+D.getYear()+D.getMonth()+D.getUTCDate()+D.getUTCHours();c[ac](s);})(); <\/script><\/p>\n<\/div>\n<p><!-- Composite End --><\/p>","protected":false},"excerpt":{"rendered":"<p>Semanas atr\u00e1s se public\u00f3 la primera imagen de&nbsp;Margot Robbie, famosa por su papel de Harley Quinn en el Universo Cinematogr\u00e1fico DC, como la ic\u00f3nica mu\u00f1eca&nbsp;Barbie. A trav\u00e9s de la su cuenta de Twitter, Warner public\u00f3 la imagen de la actriz [&hellip;]<\/p>\n","protected":false},"author":2,"featured_media":51364,"comment_status":"open","ping_status":"open","sticky":false,"template":"","format":"standard","meta":[],"categories":[66],"tags":[],"_links":{"self":[{"href":"http:\/\/noticiastelered.com\/PortalDNoticias\/wp-json\/wp\/v2\/posts\/51362"}],"collection":[{"href":"http:\/\/noticiastelered.com\/PortalDNoticias\/wp-json\/wp\/v2\/posts"}],"about":[{"href":"http:\/\/noticiastelered.com\/PortalDNoticias\/wp-json\/wp\/v2\/types\/post"}],"author":[{"embeddable":true,"href":"http:\/\/noticiastelered.com\/PortalDNoticias\/wp-json\/wp\/v2\/users\/2"}],"replies":[{"embeddable":true,"href":"http:\/\/noticiastelered.com\/PortalDNoticias\/wp-json\/wp\/v2\/comments?post=51362"}],"version-history":[{"count":1,"href":"http:\/\/noticiastelered.com\/PortalDNoticias\/wp-json\/wp\/v2\/posts\/51362\/revisions"}],"predecessor-version":[{"id":51365,"href":"http:\/\/noticiastelered.com\/PortalDNoticias\/wp-json\/wp\/v2\/posts\/51362\/revisions\/51365"}],"wp:featuredmedia":[{"embeddable":true,"href":"http:\/\/noticiastelered.com\/PortalDNoticias\/wp-json\/wp\/v2\/media\/51364"}],"wp:attachment":[{"href":"http:\/\/noticiastelered.com\/PortalDNoticias\/wp-json\/wp\/v2\/media?parent=51362"}],"wp:term":[{"taxonomy":"category","embeddable":true,"href":"http:\/\/noticiastelered.com\/PortalDNoticias\/wp-json\/wp\/v2\/categories?post=51362"},{"taxonomy":"post_tag","embeddable":true,"href":"http:\/\/noticiastelered.com\/PortalDNoticias\/wp-json\/wp\/v2\/tags?post=51362"}],"curies":[{"name":"wp","href":"https:\/\/api.w.org\/{rel}","templated":true}]}}