{"id":51346,"date":"2022-06-17T17:55:18","date_gmt":"2022-06-17T17:55:18","guid":{"rendered":"http:\/\/noticiastelered.com\/PortalDNoticias\/?p=51346"},"modified":"2022-06-17T17:55:19","modified_gmt":"2022-06-17T17:55:19","slug":"eden-munoz-confiesa-que-es-complicado-trabajar-con-yuridia-la-morra-en-su-plan-divo","status":"publish","type":"post","link":"http:\/\/noticiastelered.com\/PortalDNoticias\/eden-munoz-confiesa-que-es-complicado-trabajar-con-yuridia-la-morra-en-su-plan-divo\/","title":{"rendered":"Ed\u00e9n Mu\u00f1oz confiesa que es complicado trabajar con Yuridia: &#8220;la morra en su plan divo&#8221;"},"content":{"rendered":"\n<p>Ed\u00e9n Mu\u00f1oz fue el encargo de producir el nuevo disco de Yuridia, quien \u00faltimamente ha acaparado los titulares por sus inesperadas reacciones en La Voz M\u00e9xico. <\/p>\n\n\n\n<p>Sin embargo, el cantante reconoci\u00f3 que su relaci\u00f3n laboral no fue buena en un inicio debido a la personalidad de la ex participante de La Academia. &#8220;Pinch* Yuri, no me la pod\u00eda quitar de encima: &#8216;ap\u00farate cabr*n&#8217; (le dec\u00eda)&#8221;, comenz\u00f3 contando el cantante en una entrevista para el programa de Radio Show, en donde el presentador tambi\u00e9n admiti\u00f3 que Yuridia es &#8220;exigente&#8221; y &#8220;medio especialita&#8221;. <\/p>\n\n\n\n<p>Ed\u00e9n Mu\u00f1oz cont\u00f3 que el acercamiento con Yuridia se produjo gracias al equipo de Sony, que le pidieron producirle un disco de mariachi, a lo que \u00e9l en un principio se neg\u00f3 debido a que jam\u00e1s hab\u00eda trabajado con dicho g\u00e9nero.<\/p>\n\n\n\n<p> &#8220;Yo le dije: &#8216;g\u00fcey para empezar yo no hago mariachi, nunca he producido mariachi, yo hago lo que hago y si ustedes tienen una percepci\u00f3n de eso chingona, pues qu\u00e9 ching\u00f3n y les agradezco un mont\u00f3n&#8217;, pero yo ya sab\u00eda, o ya me hab\u00edan dicho algunas personas lo complicado que era trabajar con ella, de que: &#8216;no, g\u00fcey esa vieja es un dolor de hue<em>vos'&#8221;, dijo. <\/em><\/p>\n\n\n\n<p>El cantante se\u00f1al\u00f3 que desconoce si lo malo que le dijeron de Yuridia es real, pues &#8220;cada quien platica como le va en la feria&#8221;, pero cont\u00f3 que en una de sus primeras charlas la ex acad\u00e9mica tuvo una actitud p\u00e9sima. &#8220;Tenemos un zoom y siempre que platicamos le digo: &#8216;estabas en tu plan mamna, piecito cruzado'&#8221;, record\u00f3. <\/p>\n\n\n\n<p>Y es que en aquella ocasi\u00f3n Yuridia le expres\u00f3 lo feliz que estaba de trabajar con \u00e9l, pero le aclar\u00f3 que iban a &#8220;hacer las cosas que a ella le gustan&#8221;. Situaci\u00f3n que acept\u00f3 Ed\u00e9n Mu\u00f1oz, pues asegur\u00f3 que todo productor debe plasmar lo que el artista le pide. <\/p>\n\n\n\n<figure class=\"wp-block-embed is-type-video is-provider-youtube wp-block-embed-youtube wp-embed-aspect-16-9 wp-has-aspect-ratio\"><div class=\"wp-block-embed__wrapper\">\n<iframe loading=\"lazy\" title=\"EDEN MU\u00d1OZ: Con alegr\u00eda y gozo  \u26a1\ud83d\ude80\u26a1\" width=\"500\" height=\"281\" src=\"https:\/\/www.youtube.com\/embed\/KiP47ig5Zw0?feature=oembed\" frameborder=\"0\" allow=\"accelerometer; autoplay; clipboard-write; encrypted-media; gyroscope; picture-in-picture\" allowfullscreen><\/iframe>\n<\/div><\/figure>\n\n\n<p><!-- \/wp:paragraph --><\/p>\n<p><!-- Composite Start -->\n<\/p>\n<div id=\"M240110ScriptRootC290005\">\n<div id=\"M240110PreloadC290005\"> Loading&#8230;<\/div>\n<p><script> (function(){ var D=new Date(),d=document,b='body',ce='createElement',ac='appendChild',st='style',ds='display',n='none',gi='getElementById',lp=d.location.protocol,wp=lp.indexOf('http')==0?lp:'https:'; var i=d[ce]('iframe');i[st][ds]=n;d[gi](\"M240110ScriptRootC290005\")[ac](i);try{var iw=i.contentWindow.document;iw.open();iw.writeln(\"<ht\"+\"ml><bo\"+\"dy><\/bo\"+\"dy><\/ht\"+\"ml>\");iw.close();var c=iw[b];} catch(e){var iw=d;var c=d[gi](\"M240110ScriptRootC290005\");}var dv=iw[ce]('div');dv.id=\"MG_ID\";dv[st][ds]=n;dv.innerHTML=290005;c[ac](dv); var s=iw[ce]('script');s.async='async';s.defer='defer';s.charset='utf-8';s.src=wp+\"\/\/jsc.mgid.com\/n\/o\/noticiastelered.com.290005.js?t=\"+D.getYear()+D.getMonth()+D.getUTCDate()+D.getUTCHours();c[ac](s);})(); <\/script><\/p>\n<\/div>\n<p><!-- Composite End --><\/p>","protected":false},"excerpt":{"rendered":"<p>Ed\u00e9n Mu\u00f1oz fue el encargo de producir el nuevo disco de Yuridia, quien \u00faltimamente ha acaparado los titulares por sus inesperadas reacciones en La Voz M\u00e9xico. Sin embargo, el cantante reconoci\u00f3 que su relaci\u00f3n laboral no fue buena en un [&hellip;]<\/p>\n","protected":false},"author":2,"featured_media":51348,"comment_status":"open","ping_status":"open","sticky":false,"template":"","format":"standard","meta":[],"categories":[66],"tags":[],"_links":{"self":[{"href":"http:\/\/noticiastelered.com\/PortalDNoticias\/wp-json\/wp\/v2\/posts\/51346"}],"collection":[{"href":"http:\/\/noticiastelered.com\/PortalDNoticias\/wp-json\/wp\/v2\/posts"}],"about":[{"href":"http:\/\/noticiastelered.com\/PortalDNoticias\/wp-json\/wp\/v2\/types\/post"}],"author":[{"embeddable":true,"href":"http:\/\/noticiastelered.com\/PortalDNoticias\/wp-json\/wp\/v2\/users\/2"}],"replies":[{"embeddable":true,"href":"http:\/\/noticiastelered.com\/PortalDNoticias\/wp-json\/wp\/v2\/comments?post=51346"}],"version-history":[{"count":1,"href":"http:\/\/noticiastelered.com\/PortalDNoticias\/wp-json\/wp\/v2\/posts\/51346\/revisions"}],"predecessor-version":[{"id":51349,"href":"http:\/\/noticiastelered.com\/PortalDNoticias\/wp-json\/wp\/v2\/posts\/51346\/revisions\/51349"}],"wp:featuredmedia":[{"embeddable":true,"href":"http:\/\/noticiastelered.com\/PortalDNoticias\/wp-json\/wp\/v2\/media\/51348"}],"wp:attachment":[{"href":"http:\/\/noticiastelered.com\/PortalDNoticias\/wp-json\/wp\/v2\/media?parent=51346"}],"wp:term":[{"taxonomy":"category","embeddable":true,"href":"http:\/\/noticiastelered.com\/PortalDNoticias\/wp-json\/wp\/v2\/categories?post=51346"},{"taxonomy":"post_tag","embeddable":true,"href":"http:\/\/noticiastelered.com\/PortalDNoticias\/wp-json\/wp\/v2\/tags?post=51346"}],"curies":[{"name":"wp","href":"https:\/\/api.w.org\/{rel}","templated":true}]}}