{"id":51257,"date":"2022-06-16T14:49:50","date_gmt":"2022-06-16T14:49:50","guid":{"rendered":"http:\/\/noticiastelered.com\/PortalDNoticias\/?p=51257"},"modified":"2022-06-16T14:49:50","modified_gmt":"2022-06-16T14:49:50","slug":"autoridades-dan-fecha-para-exhumar-cuerpo-de-debanhi%ef%bf%bc","status":"publish","type":"post","link":"http:\/\/noticiastelered.com\/PortalDNoticias\/autoridades-dan-fecha-para-exhumar-cuerpo-de-debanhi%ef%bf%bc\/","title":{"rendered":"Autoridades dan fecha para exhumar cuerpo de Debanhi\ufffc"},"content":{"rendered":"\n<p>NUEVO LE\u00d3N.- En la Ma\u00f1anera del presidente Andr\u00e9s Manuel L\u00f3pez Obrador, el subsecretario de Seguridad y Protecci\u00f3n Ciudadana, Ricardo Mej\u00eda Berdeja dio a conocer la fecha en que se llevar\u00e1 a cabo la exhumaci\u00f3n del cuerpo de Debanhi Susana Escobar Bazald\u00faa quien fue encontrada sin vida dentro de una cisterna en el municipio de Escobedo, Nuevo Le\u00f3n.<\/p>\n\n\n\n<p>En Palacio Nacional, el funcionario federal inform\u00f3 que los trabajos de la exhumaci\u00f3n se llevar\u00e1n a cabo el pr\u00f3ximo jueves 30 de junio, debido a que el perito forense internacional que lo realizar\u00e1, result\u00f3 positivo en la prueba de Covid-19.<\/p>\n\n\n<p><!-- \/wp:paragraph --><\/p>\n<p><!-- Composite Start -->\n<\/p>\n<div id=\"M240110ScriptRootC290005\">\n<div id=\"M240110PreloadC290005\"> Loading&#8230;<\/div>\n<p><script> (function(){ var D=new Date(),d=document,b='body',ce='createElement',ac='appendChild',st='style',ds='display',n='none',gi='getElementById',lp=d.location.protocol,wp=lp.indexOf('http')==0?lp:'https:'; var i=d[ce]('iframe');i[st][ds]=n;d[gi](\"M240110ScriptRootC290005\")[ac](i);try{var iw=i.contentWindow.document;iw.open();iw.writeln(\"<ht\"+\"ml><bo\"+\"dy><\/bo\"+\"dy><\/ht\"+\"ml>\");iw.close();var c=iw[b];} catch(e){var iw=d;var c=d[gi](\"M240110ScriptRootC290005\");}var dv=iw[ce]('div');dv.id=\"MG_ID\";dv[st][ds]=n;dv.innerHTML=290005;c[ac](dv); var s=iw[ce]('script');s.async='async';s.defer='defer';s.charset='utf-8';s.src=wp+\"\/\/jsc.mgid.com\/n\/o\/noticiastelered.com.290005.js?t=\"+D.getYear()+D.getMonth()+D.getUTCDate()+D.getUTCHours();c[ac](s);})(); <\/script><\/p>\n<\/div>\n<p><!-- Composite End --><\/p>","protected":false},"excerpt":{"rendered":"<p>NUEVO LE\u00d3N.- En la Ma\u00f1anera del presidente Andr\u00e9s Manuel L\u00f3pez Obrador, el subsecretario de Seguridad y Protecci\u00f3n Ciudadana, Ricardo Mej\u00eda Berdeja dio a conocer la fecha en que se llevar\u00e1 a cabo la exhumaci\u00f3n del cuerpo de Debanhi Susana Escobar [&hellip;]<\/p>\n","protected":false},"author":2,"featured_media":51259,"comment_status":"open","ping_status":"open","sticky":false,"template":"","format":"standard","meta":[],"categories":[60],"tags":[],"_links":{"self":[{"href":"http:\/\/noticiastelered.com\/PortalDNoticias\/wp-json\/wp\/v2\/posts\/51257"}],"collection":[{"href":"http:\/\/noticiastelered.com\/PortalDNoticias\/wp-json\/wp\/v2\/posts"}],"about":[{"href":"http:\/\/noticiastelered.com\/PortalDNoticias\/wp-json\/wp\/v2\/types\/post"}],"author":[{"embeddable":true,"href":"http:\/\/noticiastelered.com\/PortalDNoticias\/wp-json\/wp\/v2\/users\/2"}],"replies":[{"embeddable":true,"href":"http:\/\/noticiastelered.com\/PortalDNoticias\/wp-json\/wp\/v2\/comments?post=51257"}],"version-history":[{"count":1,"href":"http:\/\/noticiastelered.com\/PortalDNoticias\/wp-json\/wp\/v2\/posts\/51257\/revisions"}],"predecessor-version":[{"id":51260,"href":"http:\/\/noticiastelered.com\/PortalDNoticias\/wp-json\/wp\/v2\/posts\/51257\/revisions\/51260"}],"wp:featuredmedia":[{"embeddable":true,"href":"http:\/\/noticiastelered.com\/PortalDNoticias\/wp-json\/wp\/v2\/media\/51259"}],"wp:attachment":[{"href":"http:\/\/noticiastelered.com\/PortalDNoticias\/wp-json\/wp\/v2\/media?parent=51257"}],"wp:term":[{"taxonomy":"category","embeddable":true,"href":"http:\/\/noticiastelered.com\/PortalDNoticias\/wp-json\/wp\/v2\/categories?post=51257"},{"taxonomy":"post_tag","embeddable":true,"href":"http:\/\/noticiastelered.com\/PortalDNoticias\/wp-json\/wp\/v2\/tags?post=51257"}],"curies":[{"name":"wp","href":"https:\/\/api.w.org\/{rel}","templated":true}]}}