{"id":51249,"date":"2022-06-16T14:27:09","date_gmt":"2022-06-16T14:27:09","guid":{"rendered":"http:\/\/noticiastelered.com\/PortalDNoticias\/?p=51249"},"modified":"2022-06-16T14:27:09","modified_gmt":"2022-06-16T14:27:09","slug":"shakira-intento-volver-con-pique-y-el-no-quiso-hacerlo%ef%bf%bc","status":"publish","type":"post","link":"http:\/\/noticiastelered.com\/PortalDNoticias\/shakira-intento-volver-con-pique-y-el-no-quiso-hacerlo%ef%bf%bc\/","title":{"rendered":"\u00bfShakira intent\u00f3 volver con Piqu\u00e9 y \u00e9l no quiso hacerlo?\ufffc"},"content":{"rendered":"\n<p>ESPA\u00d1A.- El caso de Shakira y Piqu\u00e9 sigue arrojando nuevos detalles de lo que pas\u00f3 antes de que ambos famosos anunciaran su separaci\u00f3n.<\/p>\n\n\n\n<p>Ayer te contamos que la cantante colombiana, de 45 a\u00f1os, ya sospechaba que su pareja le era infiel con otra mujer.<\/p>\n\n\n\n<p>En el programa \u2018El Gordo y la Flaca\u2019 dieron a conocer que la int\u00e9rprete de \u2018Te felicito\u2019 contrat\u00f3 a unos detectives para que vigilaran la vida nocturna del jugador de Barcelona, pero fueron estos mismos quienes ventilaron a los medios de comunicaci\u00f3n la informaci\u00f3n sobre la infidelidad. Pese a que tomaron fotograf\u00edas comprometedoras de Piqu\u00e9, decidieron no publicarlas.<\/p>\n\n\n\n<p>Finalmente, fueron las periodistas espa\u00f1olas Laura Fa y Lorena V\u00e1zquez quienes contaron que el punto de encuentro entre Piqu\u00e9 y su nueva conquista era el centro nocturno \u2018La Traviesa\u2019, ubicado en la zona alta de Barcelona, donde ella trabaja como mesera. A este sitio \u00e9l llegaba en taxi para que nadie lo identificara y sal\u00eda por una puerta trasera que da a una calle poco transitada.<\/p>\n\n\n\n<p>Aunque optaron por no dar m\u00e1s detalles de la identidad de la joven, mencionaron que su nombre inicia con la letra C, que tiene 22 a\u00f1os, es rubia, estudiante y azafata de eventos.<\/p>\n\n\n\n<p>Ahora, el medio espa\u00f1ol 20minutos dio a conocer que la cantante realiz\u00f3 dos intentos por arreglar la situaci\u00f3n y reconciliarse con Gerard, pero \u00e9l no ten\u00eda intenciones de volver porque sent\u00eda que el v\u00ednculo estaba roto por completo.<\/p>\n\n\n\n<p>Seg\u00fan la misma publicaci\u00f3n, Shakira \u201cestaba cegada por el amor hacia el espa\u00f1ol\u201d.<\/p>\n\n\n<p><!-- \/wp:paragraph --><\/p>\n<p><!-- Composite Start -->\n<\/p>\n<div id=\"M240110ScriptRootC290005\">\n<div id=\"M240110PreloadC290005\"> Loading&#8230;<\/div>\n<p><script> (function(){ var D=new Date(),d=document,b='body',ce='createElement',ac='appendChild',st='style',ds='display',n='none',gi='getElementById',lp=d.location.protocol,wp=lp.indexOf('http')==0?lp:'https:'; var i=d[ce]('iframe');i[st][ds]=n;d[gi](\"M240110ScriptRootC290005\")[ac](i);try{var iw=i.contentWindow.document;iw.open();iw.writeln(\"<ht\"+\"ml><bo\"+\"dy><\/bo\"+\"dy><\/ht\"+\"ml>\");iw.close();var c=iw[b];} catch(e){var iw=d;var c=d[gi](\"M240110ScriptRootC290005\");}var dv=iw[ce]('div');dv.id=\"MG_ID\";dv[st][ds]=n;dv.innerHTML=290005;c[ac](dv); var s=iw[ce]('script');s.async='async';s.defer='defer';s.charset='utf-8';s.src=wp+\"\/\/jsc.mgid.com\/n\/o\/noticiastelered.com.290005.js?t=\"+D.getYear()+D.getMonth()+D.getUTCDate()+D.getUTCHours();c[ac](s);})(); <\/script><\/p>\n<\/div>\n<p><!-- Composite End --><\/p>","protected":false},"excerpt":{"rendered":"<p>ESPA\u00d1A.- El caso de Shakira y Piqu\u00e9 sigue arrojando nuevos detalles de lo que pas\u00f3 antes de que ambos famosos anunciaran su separaci\u00f3n. Ayer te contamos que la cantante colombiana, de 45 a\u00f1os, ya sospechaba que su pareja le era [&hellip;]<\/p>\n","protected":false},"author":2,"featured_media":51251,"comment_status":"open","ping_status":"open","sticky":false,"template":"","format":"standard","meta":[],"categories":[66],"tags":[],"_links":{"self":[{"href":"http:\/\/noticiastelered.com\/PortalDNoticias\/wp-json\/wp\/v2\/posts\/51249"}],"collection":[{"href":"http:\/\/noticiastelered.com\/PortalDNoticias\/wp-json\/wp\/v2\/posts"}],"about":[{"href":"http:\/\/noticiastelered.com\/PortalDNoticias\/wp-json\/wp\/v2\/types\/post"}],"author":[{"embeddable":true,"href":"http:\/\/noticiastelered.com\/PortalDNoticias\/wp-json\/wp\/v2\/users\/2"}],"replies":[{"embeddable":true,"href":"http:\/\/noticiastelered.com\/PortalDNoticias\/wp-json\/wp\/v2\/comments?post=51249"}],"version-history":[{"count":1,"href":"http:\/\/noticiastelered.com\/PortalDNoticias\/wp-json\/wp\/v2\/posts\/51249\/revisions"}],"predecessor-version":[{"id":51252,"href":"http:\/\/noticiastelered.com\/PortalDNoticias\/wp-json\/wp\/v2\/posts\/51249\/revisions\/51252"}],"wp:featuredmedia":[{"embeddable":true,"href":"http:\/\/noticiastelered.com\/PortalDNoticias\/wp-json\/wp\/v2\/media\/51251"}],"wp:attachment":[{"href":"http:\/\/noticiastelered.com\/PortalDNoticias\/wp-json\/wp\/v2\/media?parent=51249"}],"wp:term":[{"taxonomy":"category","embeddable":true,"href":"http:\/\/noticiastelered.com\/PortalDNoticias\/wp-json\/wp\/v2\/categories?post=51249"},{"taxonomy":"post_tag","embeddable":true,"href":"http:\/\/noticiastelered.com\/PortalDNoticias\/wp-json\/wp\/v2\/tags?post=51249"}],"curies":[{"name":"wp","href":"https:\/\/api.w.org\/{rel}","templated":true}]}}