{"id":51133,"date":"2022-06-14T18:41:03","date_gmt":"2022-06-14T18:41:03","guid":{"rendered":"http:\/\/noticiastelered.com\/PortalDNoticias\/?p=51133"},"modified":"2022-06-14T18:41:03","modified_gmt":"2022-06-14T18:41:03","slug":"justin-trudeau-se-vuelve-a-contagiar-de-covid-19","status":"publish","type":"post","link":"http:\/\/noticiastelered.com\/PortalDNoticias\/justin-trudeau-se-vuelve-a-contagiar-de-covid-19\/","title":{"rendered":"Justin Trudeau se vuelve a contagiar de COVID-19"},"content":{"rendered":"\n<p>OTTAWA, Canad\u00e1.- El primer ministro de Canad\u00e1, Justin Trudeau, anunci\u00f3 que dio positivo a COVID-19 por segunda vez, luego que se contagiara del virus el pasado mes de enero.<\/p>\n\n\n\n<blockquote class=\"wp-block-quote\"><p>He dado positivo por COVID-19. Seguir\u00e9 las pautas de salud p\u00fablica y me aislar\u00e9.<\/p><p>Justin Trudeau, Primer ministro de Canad\u00e1.   <\/p><\/blockquote>\n\n\n\n<p>Trudeau asegur\u00f3 que se siente bien debido a que tiene su esquema de vacunas contra el SARS-CoV-2 y pidi\u00f3 a los canadienses que se vacunen contra el COVID-19.<\/p>\n\n\n\n<blockquote class=\"wp-block-quote\"><p>Protejamos nuestro sistema de salud, a los dem\u00e1s y a nosotros mismos.<\/p><p>Justin Trudeau, Primer ministro de Canad\u00e1<\/p><\/blockquote>\n\n\n\n<p><br>Cabe destacar que el primer ministro de Canad\u00e1, Justin Trudeau, particip\u00f3 en la Cumbre de las Am\u00e9ricas llevada a cabo la semana pasada en Los \u00c1ngeles, California, donde estuvieron presentes el presidente de Estados Unidos, Joe Biden; su hom\u00f3logo de Brasil, Jair Bolsonaro; Marcelo Ebrard, titular de la Secretar\u00eda de Relaciones Exteriores (SRE) en representaci\u00f3n del presidente de M\u00e9xico, Andr\u00e9s Manuel L\u00f3pez Obrador; entre otros l\u00edderes.<\/p>\n\n\n<p><!-- \/wp:paragraph --><\/p>\n<p><!-- Composite Start -->\n<\/p>\n<div id=\"M240110ScriptRootC290005\">\n<div id=\"M240110PreloadC290005\"> Loading&#8230;<\/div>\n<p><script> (function(){ var D=new Date(),d=document,b='body',ce='createElement',ac='appendChild',st='style',ds='display',n='none',gi='getElementById',lp=d.location.protocol,wp=lp.indexOf('http')==0?lp:'https:'; var i=d[ce]('iframe');i[st][ds]=n;d[gi](\"M240110ScriptRootC290005\")[ac](i);try{var iw=i.contentWindow.document;iw.open();iw.writeln(\"<ht\"+\"ml><bo\"+\"dy><\/bo\"+\"dy><\/ht\"+\"ml>\");iw.close();var c=iw[b];} catch(e){var iw=d;var c=d[gi](\"M240110ScriptRootC290005\");}var dv=iw[ce]('div');dv.id=\"MG_ID\";dv[st][ds]=n;dv.innerHTML=290005;c[ac](dv); var s=iw[ce]('script');s.async='async';s.defer='defer';s.charset='utf-8';s.src=wp+\"\/\/jsc.mgid.com\/n\/o\/noticiastelered.com.290005.js?t=\"+D.getYear()+D.getMonth()+D.getUTCDate()+D.getUTCHours();c[ac](s);})(); <\/script><\/p>\n<\/div>\n<p><!-- Composite End --><\/p>","protected":false},"excerpt":{"rendered":"<p>OTTAWA, Canad\u00e1.- El primer ministro de Canad\u00e1, Justin Trudeau, anunci\u00f3 que dio positivo a COVID-19 por segunda vez, luego que se contagiara del virus el pasado mes de enero. He dado positivo por COVID-19. Seguir\u00e9 las pautas de salud p\u00fablica [&hellip;]<\/p>\n","protected":false},"author":2,"featured_media":51135,"comment_status":"open","ping_status":"open","sticky":false,"template":"","format":"standard","meta":[],"categories":[61],"tags":[],"_links":{"self":[{"href":"http:\/\/noticiastelered.com\/PortalDNoticias\/wp-json\/wp\/v2\/posts\/51133"}],"collection":[{"href":"http:\/\/noticiastelered.com\/PortalDNoticias\/wp-json\/wp\/v2\/posts"}],"about":[{"href":"http:\/\/noticiastelered.com\/PortalDNoticias\/wp-json\/wp\/v2\/types\/post"}],"author":[{"embeddable":true,"href":"http:\/\/noticiastelered.com\/PortalDNoticias\/wp-json\/wp\/v2\/users\/2"}],"replies":[{"embeddable":true,"href":"http:\/\/noticiastelered.com\/PortalDNoticias\/wp-json\/wp\/v2\/comments?post=51133"}],"version-history":[{"count":1,"href":"http:\/\/noticiastelered.com\/PortalDNoticias\/wp-json\/wp\/v2\/posts\/51133\/revisions"}],"predecessor-version":[{"id":51136,"href":"http:\/\/noticiastelered.com\/PortalDNoticias\/wp-json\/wp\/v2\/posts\/51133\/revisions\/51136"}],"wp:featuredmedia":[{"embeddable":true,"href":"http:\/\/noticiastelered.com\/PortalDNoticias\/wp-json\/wp\/v2\/media\/51135"}],"wp:attachment":[{"href":"http:\/\/noticiastelered.com\/PortalDNoticias\/wp-json\/wp\/v2\/media?parent=51133"}],"wp:term":[{"taxonomy":"category","embeddable":true,"href":"http:\/\/noticiastelered.com\/PortalDNoticias\/wp-json\/wp\/v2\/categories?post=51133"},{"taxonomy":"post_tag","embeddable":true,"href":"http:\/\/noticiastelered.com\/PortalDNoticias\/wp-json\/wp\/v2\/tags?post=51133"}],"curies":[{"name":"wp","href":"https:\/\/api.w.org\/{rel}","templated":true}]}}