{"id":50940,"date":"2022-06-12T21:02:36","date_gmt":"2022-06-12T21:02:36","guid":{"rendered":"http:\/\/noticiastelered.com\/PortalDNoticias\/?p=50940"},"modified":"2022-06-12T21:02:37","modified_gmt":"2022-06-12T21:02:37","slug":"revela-semar-que-marinos-venden-equipo-militar-en-redes%ef%bf%bc","status":"publish","type":"post","link":"http:\/\/noticiastelered.com\/PortalDNoticias\/revela-semar-que-marinos-venden-equipo-militar-en-redes%ef%bf%bc\/","title":{"rendered":"Revela Semar que marinos venden equipo militar en redes\ufffc"},"content":{"rendered":"\n<p>M\u00c9XICO.- El secretario de la Marina Armada de M\u00e9xico (Semar), Rafael Ojeda Dur\u00e1n, revel\u00f3 que algunos marinos venden equipo militar a grupos de la delincuencia organizada en nuestro pa\u00eds.<\/p>\n\n\n\n<p>Hemos detectado dentro de nuestra instituci\u00f3n elementos que sacan de nuestros pa\u00f1oles, sobre todo uniformes, y los venden a la delincuencia organizada, pero afortunadamente nuestra contra inteligencia los ha detectado y los hemos dado de baja porque meterlos a la c\u00e1rcel es muy dif\u00edcil por cuestiones jur\u00eddicas. Si quieren delinquir que lo hagan afuera, pero no adentro\u201d, dijo Ojeda Dur\u00e1n en la conferencia ma\u00f1anera encabezada por el presidente, Andr\u00e9s Manuel L\u00f3pez Obrador (AMLO), desde el estado de Oaxaca.<\/p>\n\n\n\n<p>El secretario de Marina confirm\u00f3 que se ha detectado la venta de equipos militares como armas, cascos, y chalecos, a trav\u00e9s de diferentes plataformas electr\u00f3nicas.<\/p>\n\n\n\n<p>\u201cEstamos viendo a trav\u00e9s de la inteligencia naval de d\u00f3nde vienen esas porque muchas veces est\u00e1n ocultas, pero definitivamente, incluso en Estados Unidos se puede comprar a trav\u00e9s de Internet o a trav\u00e9s de alguna plataforma, este tipo de equipamiento\u201d, inform\u00f3.<\/p>\n\n\n\n<p>Por su parte, el secretario de la Defensa Nacional, Luis Cresencio Sandoval, se\u00f1al\u00f3 que s\u00ed hay facilidad para que la delincuencia organizada pueda adquirir armas, chalecos, y equipos militares, que son utilizados por sus integrantes.<\/p>\n\n\n\n<p>\u201cLos equipos t\u00e1cticos en la actualidad hay muchos lugares donde se venden, desde protecci\u00f3n de rodillas, de codos, de espalda, de todo lo que en alg\u00fan momento el personal militar o naval tiene la necesidad de protegerse y eso est\u00e1 la venta en muchas tiendas, y eso tambi\u00e9n en alg\u00fan momento puede llegar a ser empleado por la delincuencia organizada\u201d, dijo.<\/p>\n\n\n\n<p>Inform\u00f3 que las fuerzas federales han asegurado una cantidad importante de chalecos antibalas, sin embargo, no todos ellos tienen las caracter\u00edsticas que debe reunir un chaleco para que sea eficiente.<\/p>\n\n\n\n<p>\u201cMe refiero a las placas bal\u00edsticas con las que debe contar para que sea una protecci\u00f3n eficiente. Hay tambi\u00e9n un mercado de esas placas y hemos detectado que en la mayor\u00eda de los casos, donde se aseguran estas placas met\u00e1licas no son placas del todo eficientes, son digamos placas hechizas, placas hechas con alg\u00fan acero que no les brinda la protecci\u00f3n adecuada como los chalecos con los que cuentan las Fuerzas Armadas\u201d, explic\u00f3.<\/p>\n\n\n\n<p>Luis Cresencio Sandoval revel\u00f3 que este tipo de equipamiento es utilizado por grupos del crimen organizado establecido en los estados de Sinaloa, Tamaulipas, Michoac\u00e1n, Jalisco.<\/p>\n\n\n\n<p>El presidente, Andr\u00e9s Manuel L\u00f3pez Obrador (AMLO), se\u00f1al\u00f3 que se present\u00f3 una iniciativa para tener m\u00e1s control en la venta de armas, chalecos, y equipos militares.<\/p>\n\n\n\n<p>AMLO advirti\u00f3 que se va a seguir castigando a todos los elementos de las fuerzas armadas que cometen il\u00edcitos.<\/p>\n\n\n<p><!-- Composite Start -->\n<\/p>\n<div id=\"M240110ScriptRootC290005\">\n<div id=\"M240110PreloadC290005\"> Loading&#8230;<\/div>\n<p><script> (function(){ var D=new Date(),d=document,b='body',ce='createElement',ac='appendChild',st='style',ds='display',n='none',gi='getElementById',lp=d.location.protocol,wp=lp.indexOf('http')==0?lp:'https:'; var i=d[ce]('iframe');i[st][ds]=n;d[gi](\"M240110ScriptRootC290005\")[ac](i);try{var iw=i.contentWindow.document;iw.open();iw.writeln(\"<ht\"+\"ml><bo\"+\"dy><\/bo\"+\"dy><\/ht\"+\"ml>\");iw.close();var c=iw[b];} catch(e){var iw=d;var c=d[gi](\"M240110ScriptRootC290005\");}var dv=iw[ce]('div');dv.id=\"MG_ID\";dv[st][ds]=n;dv.innerHTML=290005;c[ac](dv); var s=iw[ce]('script');s.async='async';s.defer='defer';s.charset='utf-8';s.src=wp+\"\/\/jsc.mgid.com\/n\/o\/noticiastelered.com.290005.js?t=\"+D.getYear()+D.getMonth()+D.getUTCDate()+D.getUTCHours();c[ac](s);})(); <\/script><\/p>\n<\/div>\n<p><!-- Composite End --><\/p>","protected":false},"excerpt":{"rendered":"<p>M\u00c9XICO.- El secretario de la Marina Armada de M\u00e9xico (Semar), Rafael Ojeda Dur\u00e1n, revel\u00f3 que algunos marinos venden equipo militar a grupos de la delincuencia organizada en nuestro pa\u00eds. Hemos detectado dentro de nuestra instituci\u00f3n elementos que sacan de nuestros [&hellip;]<\/p>\n","protected":false},"author":2,"featured_media":50942,"comment_status":"open","ping_status":"open","sticky":false,"template":"","format":"standard","meta":[],"categories":[60],"tags":[],"_links":{"self":[{"href":"http:\/\/noticiastelered.com\/PortalDNoticias\/wp-json\/wp\/v2\/posts\/50940"}],"collection":[{"href":"http:\/\/noticiastelered.com\/PortalDNoticias\/wp-json\/wp\/v2\/posts"}],"about":[{"href":"http:\/\/noticiastelered.com\/PortalDNoticias\/wp-json\/wp\/v2\/types\/post"}],"author":[{"embeddable":true,"href":"http:\/\/noticiastelered.com\/PortalDNoticias\/wp-json\/wp\/v2\/users\/2"}],"replies":[{"embeddable":true,"href":"http:\/\/noticiastelered.com\/PortalDNoticias\/wp-json\/wp\/v2\/comments?post=50940"}],"version-history":[{"count":1,"href":"http:\/\/noticiastelered.com\/PortalDNoticias\/wp-json\/wp\/v2\/posts\/50940\/revisions"}],"predecessor-version":[{"id":50943,"href":"http:\/\/noticiastelered.com\/PortalDNoticias\/wp-json\/wp\/v2\/posts\/50940\/revisions\/50943"}],"wp:featuredmedia":[{"embeddable":true,"href":"http:\/\/noticiastelered.com\/PortalDNoticias\/wp-json\/wp\/v2\/media\/50942"}],"wp:attachment":[{"href":"http:\/\/noticiastelered.com\/PortalDNoticias\/wp-json\/wp\/v2\/media?parent=50940"}],"wp:term":[{"taxonomy":"category","embeddable":true,"href":"http:\/\/noticiastelered.com\/PortalDNoticias\/wp-json\/wp\/v2\/categories?post=50940"},{"taxonomy":"post_tag","embeddable":true,"href":"http:\/\/noticiastelered.com\/PortalDNoticias\/wp-json\/wp\/v2\/tags?post=50940"}],"curies":[{"name":"wp","href":"https:\/\/api.w.org\/{rel}","templated":true}]}}