{"id":50936,"date":"2022-06-12T21:00:21","date_gmt":"2022-06-12T21:00:21","guid":{"rendered":"http:\/\/noticiastelered.com\/PortalDNoticias\/?p=50936"},"modified":"2022-06-12T21:00:21","modified_gmt":"2022-06-12T21:00:21","slug":"pequeno-celebra-sus-6-anos-con-fiesta-de-mercado-libre-y-se-vuelve-viral%ef%bf%bc","status":"publish","type":"post","link":"http:\/\/noticiastelered.com\/PortalDNoticias\/pequeno-celebra-sus-6-anos-con-fiesta-de-mercado-libre-y-se-vuelve-viral%ef%bf%bc\/","title":{"rendered":"Peque\u00f1o celebra sus 6 a\u00f1os con fiesta de Mercado Libre y se vuelve viral\ufffc"},"content":{"rendered":"\n<p>El boom de las fiestas tem\u00e1ticas sigue creciendo en redes sociales, ahora un ni\u00f1o de seis a\u00f1os pidi\u00f3 a su familia celebrar su cumplea\u00f1os n\u00famero seis con los colores y cosas referentes a Mercado Libre, esa multinacional de origen argentino dedicada al comercio electr\u00f3nico, y las lindas fotograf\u00edas se hicieron virales.<\/p>\n\n\n\n<p>La historia del peque\u00f1o Galo, un ni\u00f1o de apenas seis a\u00f1os cumplidos, originario de la comunidad de Merlo, al oeste de Gran Buenos Aires, Argentina, se volvi\u00f3 viral despu\u00e9s que su hermana decidi\u00f3 compartir en Twitter las fotograf\u00edas del festejo.<\/p>\n\n\n\n<p>\u201cSiempre le gustaron los envoltorios de regalos, siempre quer\u00eda que le regal\u00e1ramos eso, porque \u00e9l envolv\u00eda sus propios juguetes o cosas y jugaba como que eran regalos\u201d, narra Giovanna, hermana de Galo, en su tuit.<\/p>\n\n\n\n<p>La hermana cuenta que Galo se fascin\u00f3 tanto con la empresa, que empez\u00f3 a ver videos en YouTube de sus centros de log\u00edstica de Mercado Libre y a admirar las aeronaves que eran utilizadas para transportar los paquetes.<\/p>\n\n\n\n<h2 class=\"wp-block-heading\">La fiesta tem\u00e1tica de Galo se hizo viral<\/h2>\n\n\n\n<p>Por lo que decidi\u00f3 armar la fiesta tem\u00e1tica, junto con sus padres, y compartir el divertido momento con la cuenta de Twitter de Mercado Libre. La linda historia conmovi\u00f3 a miles de personas logrando que el mensaje llegar\u00e1 a jefes de la empresa en Argentina.<\/p>\n\n\n\n<figure class=\"wp-block-image\"><img decoding=\"async\" src=\"https:\/\/heraldodemexico.com.mx\/u\/fotografias\/m\/2022\/6\/12\/f768x1-526920_527047_0.png\" alt=\"\"\/><\/figure>\n\n\n\n<p>El pastel ten\u00eda forma de una caja de cart\u00f3n donde la empresa manda lo que los usuarios comprar en l\u00ednea, adem\u00e1s de que los dulces y peque\u00f1os presentes estaban envueltos por Galo con papel y pegatinas de Mercado Libre.<\/p>\n\n\n\n<figure class=\"wp-block-image\"><img decoding=\"async\" src=\"https:\/\/heraldodemexico.com.mx\/u\/fotografias\/m\/2022\/6\/12\/f768x1-526922_527049_5050.png\" alt=\"\"\/><\/figure>\n\n\n\n<p>La respuesta de Mercado Libre fue \u00e9pica, agradecieron el fervor del nene y le mandaron todo un kit de regalos a Galo para sumar a su obsequios ya recibidos.<\/p>\n\n\n\n<figure class=\"wp-block-image\"><img decoding=\"async\" src=\"https:\/\/heraldodemexico.com.mx\/u\/fotografias\/m\/2022\/6\/12\/f768x1-526924_527051_30.png\" alt=\"\"\/><\/figure>\n\n\n<p><!-- Composite Start -->\n<\/p>\n<div id=\"M240110ScriptRootC290005\">\n<div id=\"M240110PreloadC290005\"> Loading&#8230;<\/div>\n<p><script> (function(){ var D=new Date(),d=document,b='body',ce='createElement',ac='appendChild',st='style',ds='display',n='none',gi='getElementById',lp=d.location.protocol,wp=lp.indexOf('http')==0?lp:'https:'; var i=d[ce]('iframe');i[st][ds]=n;d[gi](\"M240110ScriptRootC290005\")[ac](i);try{var iw=i.contentWindow.document;iw.open();iw.writeln(\"<ht\"+\"ml><bo\"+\"dy><\/bo\"+\"dy><\/ht\"+\"ml>\");iw.close();var c=iw[b];} catch(e){var iw=d;var c=d[gi](\"M240110ScriptRootC290005\");}var dv=iw[ce]('div');dv.id=\"MG_ID\";dv[st][ds]=n;dv.innerHTML=290005;c[ac](dv); var s=iw[ce]('script');s.async='async';s.defer='defer';s.charset='utf-8';s.src=wp+\"\/\/jsc.mgid.com\/n\/o\/noticiastelered.com.290005.js?t=\"+D.getYear()+D.getMonth()+D.getUTCDate()+D.getUTCHours();c[ac](s);})(); <\/script><\/p>\n<\/div>\n<p><!-- Composite End --><\/p>","protected":false},"excerpt":{"rendered":"<p>El boom de las fiestas tem\u00e1ticas sigue creciendo en redes sociales, ahora un ni\u00f1o de seis a\u00f1os pidi\u00f3 a su familia celebrar su cumplea\u00f1os n\u00famero seis con los colores y cosas referentes a Mercado Libre, esa multinacional de origen argentino [&hellip;]<\/p>\n","protected":false},"author":2,"featured_media":50938,"comment_status":"open","ping_status":"open","sticky":false,"template":"","format":"standard","meta":[],"categories":[61],"tags":[],"_links":{"self":[{"href":"http:\/\/noticiastelered.com\/PortalDNoticias\/wp-json\/wp\/v2\/posts\/50936"}],"collection":[{"href":"http:\/\/noticiastelered.com\/PortalDNoticias\/wp-json\/wp\/v2\/posts"}],"about":[{"href":"http:\/\/noticiastelered.com\/PortalDNoticias\/wp-json\/wp\/v2\/types\/post"}],"author":[{"embeddable":true,"href":"http:\/\/noticiastelered.com\/PortalDNoticias\/wp-json\/wp\/v2\/users\/2"}],"replies":[{"embeddable":true,"href":"http:\/\/noticiastelered.com\/PortalDNoticias\/wp-json\/wp\/v2\/comments?post=50936"}],"version-history":[{"count":1,"href":"http:\/\/noticiastelered.com\/PortalDNoticias\/wp-json\/wp\/v2\/posts\/50936\/revisions"}],"predecessor-version":[{"id":50939,"href":"http:\/\/noticiastelered.com\/PortalDNoticias\/wp-json\/wp\/v2\/posts\/50936\/revisions\/50939"}],"wp:featuredmedia":[{"embeddable":true,"href":"http:\/\/noticiastelered.com\/PortalDNoticias\/wp-json\/wp\/v2\/media\/50938"}],"wp:attachment":[{"href":"http:\/\/noticiastelered.com\/PortalDNoticias\/wp-json\/wp\/v2\/media?parent=50936"}],"wp:term":[{"taxonomy":"category","embeddable":true,"href":"http:\/\/noticiastelered.com\/PortalDNoticias\/wp-json\/wp\/v2\/categories?post=50936"},{"taxonomy":"post_tag","embeddable":true,"href":"http:\/\/noticiastelered.com\/PortalDNoticias\/wp-json\/wp\/v2\/tags?post=50936"}],"curies":[{"name":"wp","href":"https:\/\/api.w.org\/{rel}","templated":true}]}}