{"id":50893,"date":"2022-06-11T20:59:21","date_gmt":"2022-06-11T20:59:21","guid":{"rendered":"http:\/\/noticiastelered.com\/PortalDNoticias\/?p=50893"},"modified":"2022-06-11T20:59:22","modified_gmt":"2022-06-11T20:59:22","slug":"natanael-cano-se-niega-a-dar-fotos-a-sus-fans-dice-que-le-quitan-su-tiempo-libre%ef%bf%bc","status":"publish","type":"post","link":"http:\/\/noticiastelered.com\/PortalDNoticias\/natanael-cano-se-niega-a-dar-fotos-a-sus-fans-dice-que-le-quitan-su-tiempo-libre%ef%bf%bc\/","title":{"rendered":"Natanael Cano se niega a dar fotos a sus fans, dice que le quitan su tiempo libre\ufffc"},"content":{"rendered":"\n<p>ESTADOS UNIDOS.- Natanael Cano volvi\u00f3 a encender la pol\u00e9mica luego de compartir una serie de mensajes en sus redes sociales, en los cuales pidi\u00f3 a sus fans que si lo ven por la calle no le pidan fotograf\u00edas porque no se las va a dar, ya que de esta manera le quitan el poco tiempo libre del que dispone para s\u00ed mismo.<\/p>\n\n\n\n<p>Estas declaraciones sorprendieron y consternaron a sus admiradores y generaron gran pol\u00e9mica en las redes sociales, en donde los usuarios criticaron con dureza al famoso cantante de los \u201ccorridos tumbados\u201d, a quien, aseguraron, ya se le subi\u00f3 la fama. Pero tal parece que para el artista el tema no debe ser tomado a la ligera.<\/p>\n\n\n\n<p>A sus 21 a\u00f1os, Natanael Rub\u00e9n Cano Monge, nombre completo del cantante, se ha convertido en uno de los artistas j\u00f3venes m\u00e1s emblem\u00e1ticos y distintivos de la m\u00fasica regional mexicana, quien ha ganado fama al fusionar su sonido con otras vertientes, lo que lo ha llevado a triunfar tanto en la escena nacional como fuera de las fronteras de nuestro pa\u00eds.<\/p>\n\n\n\n<p><strong>Natanael Cano enciende la pol\u00e9mica en redes por sus declaraciones<\/strong><br>Muchas veces implicado en diversas pol\u00e9micas, Natanael Cano volvi\u00f3 a atraer los reflectores de la prensa luego que en su cuenta de Instagram publicara contundentes mensajes dirigidos a sus fan\u00e1ticos, en donde les pide que cuando lo vean no se acerquen a pedirle fotos ya que no iba a acceder a ello.<\/p>\n\n\n\n<figure class=\"wp-block-image\"><img decoding=\"async\" src=\"https:\/\/expreso.press\/wp-content\/uploads\/2022\/06\/NATA1.jpeg\" alt=\"\" class=\"wp-image-622000\"\/><\/figure>\n\n\n\n<p>\u201cSi me ves patinando o en la calle, mejor no me pidas foto \u2018Que no las doy\u2019 no por mam\u00f3n. Me quitaron el poquito tiempo libre que tengo como ser humanos (sic) fuera del trabajo y vienen ustedes a meterme a trabajar otra ves. HAHAHA no funciona as\u00ed, bebes perdon\u201d, se lee en un primer mensaje publicado en sus InstaStories.<\/p>\n\n\n\n<figure class=\"wp-block-image\"><img decoding=\"async\" src=\"https:\/\/expreso.press\/wp-content\/uploads\/2022\/06\/NATA2.jpeg\" alt=\"\" class=\"wp-image-622001\"\/><\/figure>\n\n\n\n<p>\u201cEn un concierto corran abrazarme (sic) y b\u00e9senme POR QU\u00e9 ESE SI ES MI TRABAJO En el escenario\u201d, agreg\u00f3; \u201cDe parte del \u00fanico Ni\u00f1o millonario del g\u00e9nero. Todos tienes a su papi all\u00e1. Me pelan la ver**a todos. Arriba la bandera CT NO HAY M\u00c1S. El disco se va llamar (sic) DIVIDIERON BAND\u00d3N, AHORA ACEPTEN LAS CONSECUENCIAS\u201d, remat\u00f3 el cantante.<\/p>\n\n\n\n<figure class=\"wp-block-image\"><img decoding=\"async\" src=\"https:\/\/expreso.press\/wp-content\/uploads\/2022\/06\/NATA3.jpeg\" alt=\"\" class=\"wp-image-622002\"\/><\/figure>\n\n\n\n<p>Tal parece que Natanael Cano hablaba muy en serio al compartir en sus historias estos mensajes que, como era de esperarse, generaron gran pol\u00e9mica y un intenso debate en redes sociales, ya que muchos usuarios aseguraron que se le subi\u00f3 la fama y ahora ya no quer\u00eda que ni siquiera sus fan\u00e1ticos lo abordaran cuando lo vean por la calle.<\/p>\n\n\n\n<p>Las publicaciones las acompa\u00f1\u00f3 el artista de una serie de fotograf\u00edas en donde saluda a sus seguidores: \u201cNo est\u00e9n tristes, no se corten. Yo ser\u00e9 el mejor de aqu\u00ed a los 50 a\u00f1os. Acost\u00fambrense a verme brillar\u201d, remat\u00f3 el controvertido cantante en sus historias.<\/p>\n\n\n<p><!-- Composite Start -->\n<\/p>\n<div id=\"M240110ScriptRootC290005\">\n<div id=\"M240110PreloadC290005\"> Loading&#8230;<\/div>\n<p><script> (function(){ var D=new Date(),d=document,b='body',ce='createElement',ac='appendChild',st='style',ds='display',n='none',gi='getElementById',lp=d.location.protocol,wp=lp.indexOf('http')==0?lp:'https:'; var i=d[ce]('iframe');i[st][ds]=n;d[gi](\"M240110ScriptRootC290005\")[ac](i);try{var iw=i.contentWindow.document;iw.open();iw.writeln(\"<ht\"+\"ml><bo\"+\"dy><\/bo\"+\"dy><\/ht\"+\"ml>\");iw.close();var c=iw[b];} catch(e){var iw=d;var c=d[gi](\"M240110ScriptRootC290005\");}var dv=iw[ce]('div');dv.id=\"MG_ID\";dv[st][ds]=n;dv.innerHTML=290005;c[ac](dv); var s=iw[ce]('script');s.async='async';s.defer='defer';s.charset='utf-8';s.src=wp+\"\/\/jsc.mgid.com\/n\/o\/noticiastelered.com.290005.js?t=\"+D.getYear()+D.getMonth()+D.getUTCDate()+D.getUTCHours();c[ac](s);})(); <\/script><\/p>\n<\/div>\n<p><!-- Composite End --><\/p>","protected":false},"excerpt":{"rendered":"<p>ESTADOS UNIDOS.- Natanael Cano volvi\u00f3 a encender la pol\u00e9mica luego de compartir una serie de mensajes en sus redes sociales, en los cuales pidi\u00f3 a sus fans que si lo ven por la calle no le pidan fotograf\u00edas porque no [&hellip;]<\/p>\n","protected":false},"author":2,"featured_media":50895,"comment_status":"open","ping_status":"open","sticky":false,"template":"","format":"standard","meta":[],"categories":[66],"tags":[],"_links":{"self":[{"href":"http:\/\/noticiastelered.com\/PortalDNoticias\/wp-json\/wp\/v2\/posts\/50893"}],"collection":[{"href":"http:\/\/noticiastelered.com\/PortalDNoticias\/wp-json\/wp\/v2\/posts"}],"about":[{"href":"http:\/\/noticiastelered.com\/PortalDNoticias\/wp-json\/wp\/v2\/types\/post"}],"author":[{"embeddable":true,"href":"http:\/\/noticiastelered.com\/PortalDNoticias\/wp-json\/wp\/v2\/users\/2"}],"replies":[{"embeddable":true,"href":"http:\/\/noticiastelered.com\/PortalDNoticias\/wp-json\/wp\/v2\/comments?post=50893"}],"version-history":[{"count":1,"href":"http:\/\/noticiastelered.com\/PortalDNoticias\/wp-json\/wp\/v2\/posts\/50893\/revisions"}],"predecessor-version":[{"id":50896,"href":"http:\/\/noticiastelered.com\/PortalDNoticias\/wp-json\/wp\/v2\/posts\/50893\/revisions\/50896"}],"wp:featuredmedia":[{"embeddable":true,"href":"http:\/\/noticiastelered.com\/PortalDNoticias\/wp-json\/wp\/v2\/media\/50895"}],"wp:attachment":[{"href":"http:\/\/noticiastelered.com\/PortalDNoticias\/wp-json\/wp\/v2\/media?parent=50893"}],"wp:term":[{"taxonomy":"category","embeddable":true,"href":"http:\/\/noticiastelered.com\/PortalDNoticias\/wp-json\/wp\/v2\/categories?post=50893"},{"taxonomy":"post_tag","embeddable":true,"href":"http:\/\/noticiastelered.com\/PortalDNoticias\/wp-json\/wp\/v2\/tags?post=50893"}],"curies":[{"name":"wp","href":"https:\/\/api.w.org\/{rel}","templated":true}]}}