{"id":50775,"date":"2022-06-10T14:52:07","date_gmt":"2022-06-10T14:52:07","guid":{"rendered":"http:\/\/noticiastelered.com\/PortalDNoticias\/?p=50775"},"modified":"2022-06-10T14:52:07","modified_gmt":"2022-06-10T14:52:07","slug":"periodista-reporta-en-vivo-un-accidente-vial-y-se-entera-que-su-hijo-murio-en-el-lugar","status":"publish","type":"post","link":"http:\/\/noticiastelered.com\/PortalDNoticias\/periodista-reporta-en-vivo-un-accidente-vial-y-se-entera-que-su-hijo-murio-en-el-lugar\/","title":{"rendered":"Periodista reporta en vivo un accidente vial y se entera que su hijo muri\u00f3 en el lugar"},"content":{"rendered":"\n<p>Un periodista que reportaba en vivo desde Facebook un fatal accidente vial se enter\u00f3 durante la transmisi\u00f3n que uno de los veh\u00edculos implicados en el mismo era el de su hijo, adem\u00e1s que era una de las v\u00edctimas de la mortal colisi\u00f3n que presenciaba.<\/p>\n\n\n\n<p>Se trata del Carlos Alberto Baldassari, un comunicador brasile\u00f1o quien una tarde, y como parte de su trabajo, realiz\u00f3 un enlace en directo desde una carretera de Araraquara, estado de Sao Paulo, Brasil, en donde hac\u00eda solo unos momentos acababa de ocurrir un fatal choque.<\/p>\n\n\n\n<p>Sin embargo, Baldassari no imaginaba que durante su enlace se enterar\u00eda que una de las v\u00edctimas mortales era su hijo Tiago Cequeto Baldassari, de 32 a\u00f1os, por lo que durante algunos segundos el enlace fue interrumpido. Enseguida, el comunicador volvi\u00f3 a la toma y continu\u00f3 su transmisi\u00f3n de manera profesional.<\/p>\n\n\n\n<p>Comunicador se entera en directo de la muerte de su hijo y video se vuelve viral<\/p>\n\n\n\n<p>De acuerdo a lo informado por el medio \u201cGlobo\u201d, de Brasil, Carlos Alberto Baldassari, originario del municipio brasile\u00f1o de Araraquara, se encontraba reportando al costado de la Rodov\u00eda Antonio Machado Sant\u2019Anna, S\u00e3o Paulo, sobre un choque entre un autom\u00f3vil y un cami\u00f3n.<\/p>\n\n\n\n<p>\u201cUn veh\u00edculo tuvo un accidente, el cuerpo ya fue retirado. Esto es lo que estamos mostrando para ustedes ahora\u201d, se le escuch\u00f3 decir este mi\u00e9rcoles en su primera transmisi\u00f3n por Facebook, en la cual mostr\u00f3 a los usuarios de esta red social el estado en el que hab\u00edan quedado los veh\u00edculos siniestrados.<\/p>\n\n\n\n<p>Enseguida, y tras una interrupci\u00f3n, Baldassari volvi\u00f3 al en vivo tras enterarse que una de las v\u00edctimas mortales era su hijo de 32 a\u00f1os: \u201cAs\u00ed es la vida de un reportero. Mucha gente, quiz\u00e1s, no entender\u00e1 el momento que estamos viviendo aqu\u00ed en la carretera. Ah\u00ed est\u00e1 el auto que estuvo involucrado en el accidente, el cuerpo ya fue retirado. El cami\u00f3n se detuvo como a 100 metros a un costado de la carretera, y ustedes escuchen ahora lo que les voy a decir\u201d, se le escuch\u00f3 decir en el segundo enlace.<\/p>\n\n\n\n<p>En ese momento el periodista dio a conocer que acababa de perder a su hijo en el fatal accidente: \u201cDesgraciadamente, en este mundo de la informaci\u00f3n, hay veces que tenemos que cubrir acontecimientos que implican a miembros de la familia. Por desgracia, hoy es mi hijo. Perdemos a Thiago y que Dios lo reciba con los brazos abiertos, es un buen chico, con un buen coraz\u00f3n\u201d.<\/p>\n\n\n\n<p><strong>El veh\u00edculo impact\u00f3 de frente contra un cami\u00f3n<\/strong><\/p>\n\n\n\n<p>De acuerdo con los reportes difundidos en la prensa brasile\u00f1a, Tiago Cequeto Baldassari, v\u00edctima del accidente, dej\u00f3 una esposa embarazada de tres meses y una peque\u00f1a hija de 8 a\u00f1os. En el choque se vieron involucrados un veh\u00edculo y un cami\u00f3n, los cuales se impactaron de frente. Seg\u00fan la versi\u00f3n que el conductor del cami\u00f3n dio a la Polic\u00eda de Carreteras, el autom\u00f3vil invadi\u00f3 el carril por el circulaba.<\/p>\n\n\n\n<p>Baldassari cerr\u00f3 su enlace con el siguiente mensaje: \u201cEl conductor del veh\u00edculo que perdi\u00f3 la vida ac\u00e1 es mi hijo, Tiago, quien sol\u00eda hacer conmigo la presentaci\u00f3n de los programas de todos los d\u00edas, los lives. Esta ma\u00f1ana vinimos a cubrir el accidente y me enter\u00e9 que la persona fallecida era mi hijo\u201d.<\/p>\n\n\n\n<p>Hasta el sitio del accidente lleg\u00f3 personal del cuerpo de bomberos, mientras que las autoridades policiales se vieron en la necesidad de desviar el tr\u00e1nsito en la carretera. El cuerpo del joven fue velado este jueves en su domicilio y posteriormente enterrado en el Cementerio Municipal de Araraquara, informo la prensa local.<\/p>\n\n\n<p><!-- \/wp:paragraph --><\/p>\n<p><!-- Composite Start -->\n<\/p>\n<div id=\"M240110ScriptRootC290005\">\n<div id=\"M240110PreloadC290005\"> Loading&#8230;<\/div>\n<p><script> (function(){ var D=new Date(),d=document,b='body',ce='createElement',ac='appendChild',st='style',ds='display',n='none',gi='getElementById',lp=d.location.protocol,wp=lp.indexOf('http')==0?lp:'https:'; var i=d[ce]('iframe');i[st][ds]=n;d[gi](\"M240110ScriptRootC290005\")[ac](i);try{var iw=i.contentWindow.document;iw.open();iw.writeln(\"<ht\"+\"ml><bo\"+\"dy><\/bo\"+\"dy><\/ht\"+\"ml>\");iw.close();var c=iw[b];} catch(e){var iw=d;var c=d[gi](\"M240110ScriptRootC290005\");}var dv=iw[ce]('div');dv.id=\"MG_ID\";dv[st][ds]=n;dv.innerHTML=290005;c[ac](dv); var s=iw[ce]('script');s.async='async';s.defer='defer';s.charset='utf-8';s.src=wp+\"\/\/jsc.mgid.com\/n\/o\/noticiastelered.com.290005.js?t=\"+D.getYear()+D.getMonth()+D.getUTCDate()+D.getUTCHours();c[ac](s);})(); <\/script><\/p>\n<\/div>\n<p><!-- Composite End --><\/p>","protected":false},"excerpt":{"rendered":"<p>Un periodista que reportaba en vivo desde Facebook un fatal accidente vial se enter\u00f3 durante la transmisi\u00f3n que uno de los veh\u00edculos implicados en el mismo era el de su hijo, adem\u00e1s que era una de las v\u00edctimas de la [&hellip;]<\/p>\n","protected":false},"author":2,"featured_media":50777,"comment_status":"open","ping_status":"open","sticky":false,"template":"","format":"standard","meta":[],"categories":[61],"tags":[],"_links":{"self":[{"href":"http:\/\/noticiastelered.com\/PortalDNoticias\/wp-json\/wp\/v2\/posts\/50775"}],"collection":[{"href":"http:\/\/noticiastelered.com\/PortalDNoticias\/wp-json\/wp\/v2\/posts"}],"about":[{"href":"http:\/\/noticiastelered.com\/PortalDNoticias\/wp-json\/wp\/v2\/types\/post"}],"author":[{"embeddable":true,"href":"http:\/\/noticiastelered.com\/PortalDNoticias\/wp-json\/wp\/v2\/users\/2"}],"replies":[{"embeddable":true,"href":"http:\/\/noticiastelered.com\/PortalDNoticias\/wp-json\/wp\/v2\/comments?post=50775"}],"version-history":[{"count":1,"href":"http:\/\/noticiastelered.com\/PortalDNoticias\/wp-json\/wp\/v2\/posts\/50775\/revisions"}],"predecessor-version":[{"id":50778,"href":"http:\/\/noticiastelered.com\/PortalDNoticias\/wp-json\/wp\/v2\/posts\/50775\/revisions\/50778"}],"wp:featuredmedia":[{"embeddable":true,"href":"http:\/\/noticiastelered.com\/PortalDNoticias\/wp-json\/wp\/v2\/media\/50777"}],"wp:attachment":[{"href":"http:\/\/noticiastelered.com\/PortalDNoticias\/wp-json\/wp\/v2\/media?parent=50775"}],"wp:term":[{"taxonomy":"category","embeddable":true,"href":"http:\/\/noticiastelered.com\/PortalDNoticias\/wp-json\/wp\/v2\/categories?post=50775"},{"taxonomy":"post_tag","embeddable":true,"href":"http:\/\/noticiastelered.com\/PortalDNoticias\/wp-json\/wp\/v2\/tags?post=50775"}],"curies":[{"name":"wp","href":"https:\/\/api.w.org\/{rel}","templated":true}]}}